{"id":59591,"date":"2023-02-13T15:27:46","date_gmt":"2023-02-13T14:27:46","guid":{"rendered":"https:\/\/www.techbarcelona.com\/posting\/informe-de-tendencias-mensuales-en-comunicacion-enero-2023\/"},"modified":"2023-02-13T15:27:46","modified_gmt":"2023-02-13T14:27:46","slug":"informe-de-tendencias-mensuales-en-comunicacion-enero-2023","status":"publish","type":"posting","link":"https:\/\/www.techbarcelona.com\/ca\/posting\/informe-de-tendencias-mensuales-en-comunicacion-enero-2023\/","title":{"rendered":"Informe de tendencias mensuales en comunicaci\u00f3n enero 2023"},"content":{"rendered":"<p>Compartimos el \u00faltimo<a href=\"https:\/\/agenciacomma.com\/analisis-de-datos\/tendencias-mensuales-en-comunicacion-enero-2023\/\"> <strong>informe de tendencias sobre el sector de la comunicaci\u00f3n<\/strong><\/a>. Un recurso para profesionales, en formato resumen, para conocer las \u00faltimas novedades y tendencias en comunicaci\u00f3n, gracias al an\u00e1lisis de tem\u00e1ticas destacadas en el debate social-digital, las noticias difundidas y l\u00edderes de opini\u00f3n m\u00e1s relevantes.<\/p>\n<p>Las conclusiones del an\u00e1lisis del mes de enero giran en torno a\u00a0<strong>la polarizaci\u00f3n de los medios<\/strong>\u00a0y a\u00a0<strong>la identidad y autenticidad de las marcas en el \u00e1mbito digital<\/strong>.<\/p>\n<p>Tendencias del mes:<\/p>\n<ul class=\"p-rich_text_list p-rich_text_list__bullet\" data-stringify-type=\"unordered-list\" data-indent=\"0\" data-border=\"0\">\n<li data-stringify-indent=\"0\" data-stringify-border=\"0\">A ra\u00edz de la\u00a0<strong>viralizaci\u00f3n de la canci\u00f3n de Shakira BZRP<\/strong>, marcas como Casio y Twingo han sido tendencia gracias a la gran repercusi\u00f3n de la canci\u00f3n y a la actividad de cuentas corporativas parodia.<\/li>\n<li data-stringify-indent=\"0\" data-stringify-border=\"0\">La segunda tendencia destacada est\u00e1 relacionada con\u00a0<strong>la polarizaci\u00f3n extrema<\/strong>, en torno al fundador de Mercadona, Juan Roig. Un debate en el que han participado figuras pol\u00edticas y otras figuras de primer nivel, y que tambi\u00e9n ha sido alimentado por periodistas y medios de comunicaci\u00f3n.<\/li>\n<li data-stringify-indent=\"0\" data-stringify-border=\"0\">La tercera tendencia del mes tiene que ver con el\u00a0<strong>lanzamiento de diversos informes en torno a la comunicaci\u00f3n<\/strong>, entre los que destacan: el bar\u00f3metro de EDELMAN, el informe de LLYC sobre Tendencias en comunicaci\u00f3n corporativa y, por \u00faltimo, el informe IAB Top tendencias digitales.<\/li>\n<\/ul>\n<div class=\"p-rich_text_section\">En relaci\u00f3n a la polarizaci\u00f3n en torno a ciertas figuras p\u00fablicas, y haciendo referencia al bar\u00f3metro de EDELMAN que trata precisamente sobre este asunto, cabe subrayar el riesgo al que se enfrentan los medios de comunicaci\u00f3n al fomentar ciertas visiones partidistas o duales. Pues est\u00e1 comprobado que esto afecta directamente a la p\u00e9rdida de confianza y credibilidad de los mismos.<\/div>\n","protected":false},"excerpt":{"rendered":"<p>Compartimos el \u00faltimo informe de tendencias sobre el sector de la comunicaci\u00f3n. Un recurso para profesionales, en formato resumen, para conocer las \u00faltimas novedades y tendencias en comunicaci\u00f3n, gracias al an\u00e1lisis de tem\u00e1ticas destacadas en el debate social-digital, las noticias difundidas y l\u00edderes de opini\u00f3n m\u00e1s relevantes. Las conclusiones del [&hellip;]<\/p>\n","protected":false},"template":"","class_list":["post-59591","posting","type-posting","status-publish","hentry"],"acf":[],"yoast_head":"<!-- This site is optimized with the Yoast SEO plugin v27.5 - https:\/\/yoast.com\/product\/yoast-seo-wordpress\/ -->\n<title>Informe de tendencias mensuales en comunicaci\u00f3n enero 2023 - Tech Barcelona<\/title>\n<meta name=\"robots\" content=\"index, follow, max-snippet:-1, max-image-preview:large, max-video-preview:-1\" \/>\n<link rel=\"canonical\" href=\"https:\/\/www.techbarcelona.com\/ca\/posting\/informe-de-tendencias-mensuales-en-comunicacion-enero-2023\/\" \/>\n<meta property=\"og:locale\" content=\"ca_ES\" \/>\n<meta property=\"og:type\" content=\"article\" \/>\n<meta property=\"og:title\" content=\"Informe de tendencias mensuales en comunicaci\u00f3n enero 2023 - Tech Barcelona\" \/>\n<meta property=\"og:description\" content=\"Compartimos el \u00faltimo informe de tendencias sobre el sector de la comunicaci\u00f3n. Un recurso para profesionales, en formato resumen, para conocer las \u00faltimas novedades y tendencias en comunicaci\u00f3n, gracias al an\u00e1lisis de tem\u00e1ticas destacadas en el debate social-digital, las noticias difundidas y l\u00edderes de opini\u00f3n m\u00e1s relevantes. Las conclusiones del [&hellip;]\" \/>\n<meta property=\"og:url\" content=\"https:\/\/www.techbarcelona.com\/ca\/posting\/informe-de-tendencias-mensuales-en-comunicacion-enero-2023\/\" \/>\n<meta property=\"og:site_name\" content=\"Tech Barcelona\" \/>\n<meta property=\"article:publisher\" content=\"https:\/\/www.facebook.com\/BarcelonaTechCity\" \/>\n<meta name=\"twitter:card\" content=\"summary_large_image\" \/>\n<meta name=\"twitter:site\" content=\"@bcntechcity\" \/>\n<meta name=\"twitter:label1\" content=\"Temps estimat de lectura\" \/>\n\t<meta name=\"twitter:data1\" content=\"1 minut\" \/>\n<script type=\"application\/ld+json\" class=\"yoast-schema-graph\">{\"@context\":\"https:\\\/\\\/schema.org\",\"@graph\":[{\"@type\":\"WebPage\",\"@id\":\"https:\\\/\\\/www.techbarcelona.com\\\/ca\\\/posting\\\/informe-de-tendencias-mensuales-en-comunicacion-enero-2023\\\/\",\"url\":\"https:\\\/\\\/www.techbarcelona.com\\\/ca\\\/posting\\\/informe-de-tendencias-mensuales-en-comunicacion-enero-2023\\\/\",\"name\":\"Informe de tendencias mensuales en comunicaci\u00f3n enero 2023 - Tech Barcelona\",\"isPartOf\":{\"@id\":\"https:\\\/\\\/www.techbarcelona.com\\\/ca\\\/#website\"},\"datePublished\":\"2023-02-13T14:27:46+00:00\",\"breadcrumb\":{\"@id\":\"https:\\\/\\\/www.techbarcelona.com\\\/ca\\\/posting\\\/informe-de-tendencias-mensuales-en-comunicacion-enero-2023\\\/#breadcrumb\"},\"inLanguage\":\"ca\",\"potentialAction\":[{\"@type\":\"ReadAction\",\"target\":[\"https:\\\/\\\/www.techbarcelona.com\\\/ca\\\/posting\\\/informe-de-tendencias-mensuales-en-comunicacion-enero-2023\\\/\"]}]},{\"@type\":\"BreadcrumbList\",\"@id\":\"https:\\\/\\\/www.techbarcelona.com\\\/ca\\\/posting\\\/informe-de-tendencias-mensuales-en-comunicacion-enero-2023\\\/#breadcrumb\",\"itemListElement\":[{\"@type\":\"ListItem\",\"position\":1,\"name\":\"Portada\",\"item\":\"https:\\\/\\\/www.techbarcelona.com\\\/ca\\\/\"},{\"@type\":\"ListItem\",\"position\":2,\"name\":\"Postings\",\"item\":\"https:\\\/\\\/www.techbarcelona.com\\\/ca\\\/posting\\\/\"},{\"@type\":\"ListItem\",\"position\":3,\"name\":\"Informe de tendencias mensuales en comunicaci\u00f3n enero 2023\"}]},{\"@type\":\"WebSite\",\"@id\":\"https:\\\/\\\/www.techbarcelona.com\\\/ca\\\/#website\",\"url\":\"https:\\\/\\\/www.techbarcelona.com\\\/ca\\\/\",\"name\":\"Tech Barcelona\",\"description\":\"\",\"publisher\":{\"@id\":\"https:\\\/\\\/www.techbarcelona.com\\\/ca\\\/#organization\"},\"potentialAction\":[{\"@type\":\"SearchAction\",\"target\":{\"@type\":\"EntryPoint\",\"urlTemplate\":\"https:\\\/\\\/www.techbarcelona.com\\\/ca\\\/?s={search_term_string}\"},\"query-input\":{\"@type\":\"PropertyValueSpecification\",\"valueRequired\":true,\"valueName\":\"search_term_string\"}}],\"inLanguage\":\"ca\"},{\"@type\":\"Organization\",\"@id\":\"https:\\\/\\\/www.techbarcelona.com\\\/ca\\\/#organization\",\"name\":\"Tech Barcelona\",\"url\":\"https:\\\/\\\/www.techbarcelona.com\\\/ca\\\/\",\"logo\":{\"@type\":\"ImageObject\",\"inLanguage\":\"ca\",\"@id\":\"https:\\\/\\\/www.techbarcelona.com\\\/ca\\\/#\\\/schema\\\/logo\\\/image\\\/\",\"url\":\"https:\\\/\\\/www.techbarcelona.com\\\/wp-content\\\/uploads\\\/logo-tech-bcn-black.png\",\"contentUrl\":\"https:\\\/\\\/www.techbarcelona.com\\\/wp-content\\\/uploads\\\/logo-tech-bcn-black.png\",\"width\":347,\"height\":90,\"caption\":\"Tech Barcelona\"},\"image\":{\"@id\":\"https:\\\/\\\/www.techbarcelona.com\\\/ca\\\/#\\\/schema\\\/logo\\\/image\\\/\"},\"sameAs\":[\"https:\\\/\\\/www.facebook.com\\\/BarcelonaTechCity\",\"https:\\\/\\\/x.com\\\/bcntechcity\",\"https:\\\/\\\/www.instagram.com\\\/bcntechcity\\\/\",\"https:\\\/\\\/www.linkedin.com\\\/company\\\/barcelona-tech-city\\\/\",\"https:\\\/\\\/www.youtube.com\\\/channel\\\/UCKX-ZX0pM37GRtVNKgr4Rxg\"]}]}<\/script>\n<!-- \/ Yoast SEO plugin. -->","yoast_head_json":{"title":"Informe de tendencias mensuales en comunicaci\u00f3n enero 2023 - Tech Barcelona","robots":{"index":"index","follow":"follow","max-snippet":"max-snippet:-1","max-image-preview":"max-image-preview:large","max-video-preview":"max-video-preview:-1"},"canonical":"https:\/\/www.techbarcelona.com\/ca\/posting\/informe-de-tendencias-mensuales-en-comunicacion-enero-2023\/","og_locale":"ca_ES","og_type":"article","og_title":"Informe de tendencias mensuales en comunicaci\u00f3n enero 2023 - Tech Barcelona","og_description":"Compartimos el \u00faltimo informe de tendencias sobre el sector de la comunicaci\u00f3n. Un recurso para profesionales, en formato resumen, para conocer las \u00faltimas novedades y tendencias en comunicaci\u00f3n, gracias al an\u00e1lisis de tem\u00e1ticas destacadas en el debate social-digital, las noticias difundidas y l\u00edderes de opini\u00f3n m\u00e1s relevantes. Las conclusiones del [&hellip;]","og_url":"https:\/\/www.techbarcelona.com\/ca\/posting\/informe-de-tendencias-mensuales-en-comunicacion-enero-2023\/","og_site_name":"Tech Barcelona","article_publisher":"https:\/\/www.facebook.com\/BarcelonaTechCity","twitter_card":"summary_large_image","twitter_site":"@bcntechcity","twitter_misc":{"Temps estimat de lectura":"1 minut"},"schema":{"@context":"https:\/\/schema.org","@graph":[{"@type":"WebPage","@id":"https:\/\/www.techbarcelona.com\/ca\/posting\/informe-de-tendencias-mensuales-en-comunicacion-enero-2023\/","url":"https:\/\/www.techbarcelona.com\/ca\/posting\/informe-de-tendencias-mensuales-en-comunicacion-enero-2023\/","name":"Informe de tendencias mensuales en comunicaci\u00f3n enero 2023 - Tech Barcelona","isPartOf":{"@id":"https:\/\/www.techbarcelona.com\/ca\/#website"},"datePublished":"2023-02-13T14:27:46+00:00","breadcrumb":{"@id":"https:\/\/www.techbarcelona.com\/ca\/posting\/informe-de-tendencias-mensuales-en-comunicacion-enero-2023\/#breadcrumb"},"inLanguage":"ca","potentialAction":[{"@type":"ReadAction","target":["https:\/\/www.techbarcelona.com\/ca\/posting\/informe-de-tendencias-mensuales-en-comunicacion-enero-2023\/"]}]},{"@type":"BreadcrumbList","@id":"https:\/\/www.techbarcelona.com\/ca\/posting\/informe-de-tendencias-mensuales-en-comunicacion-enero-2023\/#breadcrumb","itemListElement":[{"@type":"ListItem","position":1,"name":"Portada","item":"https:\/\/www.techbarcelona.com\/ca\/"},{"@type":"ListItem","position":2,"name":"Postings","item":"https:\/\/www.techbarcelona.com\/ca\/posting\/"},{"@type":"ListItem","position":3,"name":"Informe de tendencias mensuales en comunicaci\u00f3n enero 2023"}]},{"@type":"WebSite","@id":"https:\/\/www.techbarcelona.com\/ca\/#website","url":"https:\/\/www.techbarcelona.com\/ca\/","name":"Tech Barcelona","description":"","publisher":{"@id":"https:\/\/www.techbarcelona.com\/ca\/#organization"},"potentialAction":[{"@type":"SearchAction","target":{"@type":"EntryPoint","urlTemplate":"https:\/\/www.techbarcelona.com\/ca\/?s={search_term_string}"},"query-input":{"@type":"PropertyValueSpecification","valueRequired":true,"valueName":"search_term_string"}}],"inLanguage":"ca"},{"@type":"Organization","@id":"https:\/\/www.techbarcelona.com\/ca\/#organization","name":"Tech Barcelona","url":"https:\/\/www.techbarcelona.com\/ca\/","logo":{"@type":"ImageObject","inLanguage":"ca","@id":"https:\/\/www.techbarcelona.com\/ca\/#\/schema\/logo\/image\/","url":"https:\/\/www.techbarcelona.com\/wp-content\/uploads\/logo-tech-bcn-black.png","contentUrl":"https:\/\/www.techbarcelona.com\/wp-content\/uploads\/logo-tech-bcn-black.png","width":347,"height":90,"caption":"Tech Barcelona"},"image":{"@id":"https:\/\/www.techbarcelona.com\/ca\/#\/schema\/logo\/image\/"},"sameAs":["https:\/\/www.facebook.com\/BarcelonaTechCity","https:\/\/x.com\/bcntechcity","https:\/\/www.instagram.com\/bcntechcity\/","https:\/\/www.linkedin.com\/company\/barcelona-tech-city\/","https:\/\/www.youtube.com\/channel\/UCKX-ZX0pM37GRtVNKgr4Rxg"]}]}},"_links":{"self":[{"href":"https:\/\/www.techbarcelona.com\/ca\/wp-json\/wp\/v2\/posting\/59591","targetHints":{"allow":["GET"]}}],"collection":[{"href":"https:\/\/www.techbarcelona.com\/ca\/wp-json\/wp\/v2\/posting"}],"about":[{"href":"https:\/\/www.techbarcelona.com\/ca\/wp-json\/wp\/v2\/types\/posting"}],"wp:attachment":[{"href":"https:\/\/www.techbarcelona.com\/ca\/wp-json\/wp\/v2\/media?parent=59591"}],"curies":[{"name":"wp","href":"https:\/\/api.w.org\/{rel}","templated":true}]}}