{"id":20644,"date":"2018-02-21T00:00:00","date_gmt":"2018-02-20T23:00:00","guid":{"rendered":"https:\/\/techbcndev.wearefirma.com\/mireia-mir-la-flexibilitat-i-el-treball-per-objectius-atreuen-talent-i-mes-implicacio\/"},"modified":"2018-02-21T00:00:00","modified_gmt":"2018-02-20T23:00:00","slug":"mireia-mir-la-flexibilitat-i-el-treball-per-objectius-atreuen-talent-i-mes-implicacio","status":"publish","type":"post","link":"https:\/\/www.techbarcelona.com\/ca\/mireia-mir-la-flexibilitat-i-el-treball-per-objectius-atreuen-talent-i-mes-implicacio\/","title":{"rendered":"Mireia Mir: La flexibilitat i el treball per objectius atreuen talent i m\u00e9s implicaci\u00f3"},"content":{"rendered":"<p><strong>Mireia Mir<\/strong> era assessora d\u2019emprenedors a Barcelona Activa quan va rebre un innovador projecte digital conegut com a Infojobs. Era l\u2019any 1998. En aquell moment va comen\u00e7ar la seva col\u00b7laboraci\u00f3 amb el Grupo Intercom, on posteriorment passaria a dirigir la incubadora de negocis que el grup es disposava a posar en marxa. Durant tres anys a Barcelona Activa, Mir va estar en contacte amb m\u00e9s de mil emprenedors, alguns dels quals del m\u00f3n digital.<\/p>\n<p>Economista doctorada, la seva carrera sempre ha estat lligada a l\u2019ecosistema emprenedor, primer al Col\u00b7legi d\u2019Economistes, posteriorment a Barcelona Activa i finalment en el fons d\u2019inversi\u00f3 Grupo Intercom. En aquest darrer ha desenvolupat la major part de la seva vida professional, 18 anys dedicada a identificar noves oportunitats d\u2019inversi\u00f3 a Internet, aix\u00ed com a atreure nous inversors.<\/p>\n<p>Com a emprenedora, va llan\u00e7ar el 2005 el seu primer projecte, Parabebes.com, una comunitat per a mares i pares primerencs amb nens de 0 a 3 anys. Una experi\u00e8ncia que va n\u00e9ixer juntament amb el seu primer fill i la certesa de l\u2019oportunitat que existia en el sector maternoinfantil. A principis del 2017, va tancar un acord de compravenda amb l\u2019empresa Mom2Mom, una plataforma d\u2019economia col\u00b7laborativa dissenyada perqu\u00e8 mares i pares s\u2019ajudin en la cura dels seus fills.<\/p>\n<p>El nou repte de futur de Mir \u00e9s construir un negoci internacional, basat en el Network Marketing i en el sector de la cura personal i antienvelliment, en fort creixement, de la m\u00e0 de NuSkin, una companyia americana amb m\u00e9s de 30 anys al mercat. Una altra de les seves fites \u00e9s promoure Teaming , un projecte basat en petites donacions d\u2019un euro al mes a projectes socials. Aquesta iniciativa compta actualment amb m\u00e9s de 200.000 \u2018teamers \u2018 que donen a un total de 8.274 projectes socials. Compromesa socialment, Mireia Mir espera contribuir a aquelles iniciatives que fomentin l\u2019esperit emprenedor en nens i adolescents, aix\u00ed com el suport a la dona emprenedora.<\/p>\n<div class=\"embed-responsive embed-responsive-16by9\"><iframe loading=\"lazy\" src=\"https:\/\/www.youtube-nocookie.com\/embed\/l5s17maLlHk\" width=\"560\" height=\"315\" frameborder=\"0\" allowfullscreen=\"allowfullscreen\"><\/iframe><\/div>\n<p>Aquestes s\u00f3n algunes de les idees i consells que <strong>Mireia Mir, membre de la Junta Directiva de Barcelona Tech City<\/strong>, amb m\u00e9s de 20 anys d\u2019experi\u00e8ncia en el sector, vol compartir amb els emprenedors:<\/p>\n<p><strong>Aprendre i desaprendre per adaptar-se als canvis<\/strong><\/p>\n<p>Ser emprenedor requereix moltes qualitats que no sempre estan lligades a una formaci\u00f3 educativa concreta. En els inicis de Grupo Intercom, el perfil d\u2019emprenedor s\u2019enfocava a \u201cpersones obertes, amb sensibilitat digital i amb ganes d\u2019aprendre i desaprendre, ja que les regles del joc estaven canviant\u201d, explica Mir. Tamb\u00e9 busc\u00e0vem persones amb valors com la humilitat i la generositat. \u201cEl bon ambient de treball \u00e9s fonamental i aix\u00f2 \u00e9s possible quan t\u2019envoltes d\u2019aquest tipus de perfils. Competitivitat sana i ganes de cr\u00e9ixer junts\u201d, assegura l\u2019emprenedora.<\/p>\n<p><strong>L\u2019emprenedor en el sector digital s\u2019ha professionalitzat<\/strong><\/p>\n<p>Les empreses del sector han de ser actualment molt m\u00e9s exigents a l\u2019hora d\u2019incorporar talent i han canviat fins i tot les formes de buscar inversi\u00f3, professionalitzant-se molt m\u00e9s, el mateix que ha passat amb els equips. \u201cNo t\u00e9 res a veure emprendre avui en dia a Internet amb fer-ho fa 18 anys. Ara \u00e9s molt m\u00e9s dif\u00edcil perqu\u00e8 s\u2019ha professionalitzat molt i necessites incorporar a l\u2019equip persones amb rodatge i un alt nivell d\u2019especialitzaci\u00f3\u201d, comenta Mireia Mir. \u201cCrec que, en general, els emprenedors d\u2019avui en dia s\u00f3n gent molt preparada en el sector digital\u201d.<\/p>\n<p><strong>No sempre \u00e9s necess\u00e0ria la vocaci\u00f3 internacional<\/strong><\/p>\n<p>\u201cEn la meva opini\u00f3, hi ha empreses amb vocaci\u00f3 internacional, mentre que, per a d\u2019altres, l\u2019objectiu \u00e9s assolir una mida petita o mitjana. Entrar a la roda de les rondes d\u2019inversi\u00f3 ens fa pensar sempre en milions, en buscar rondes m\u00e9s grans, per\u00f2 crec que aquest model no es pot extrapolar a qualsevol empresa digital d\u2019avui en dia\u201d, comenta Mir. Per a algunes empreses, la projecci\u00f3 internacional \u00e9s l\u2019\u00fanica via per triomfar a causa del tipus de producte que ofereixen, pero per a d\u2019altres aquesta visi\u00f3 pot suposar el frac\u00e0s, senzillament perqu\u00e8 no era el seu moment o el seu mercat.<\/p>\n<p><img loading=\"lazy\" decoding=\"async\" class=\"size-full wp-image-2712 aligncenter\" src=\"https:\/\/www.techbarcelona.com\/wp-content\/uploads\/Mireia-Mir-manos.jpg\" alt=\"\" width=\"795\" height=\"587\" \/><\/p>\n<p><strong>Equilibri entre inversor i emprenedor<\/strong><\/p>\n<p>Normalment, el nivell d\u2019involucraci\u00f3 est\u00e0 directament relacionat amb el nivell d\u2019inversi\u00f3. \u201cEn empreses en qu\u00e8 hi ha diversos inversors, el fet que inversors amb una participaci\u00f3 petita vulguin tenir un paper molt important a vegades dificulta el dia a dia de l\u2019emprenedor\u201d, explica Mir. Per aix\u00f2, des del punt de vista de l\u2019emprenedor, \u00e9s important \u201cen signar un pacte de socis, ser molt conscient d\u2019all\u00f2 que s\u2019est\u00e0 signant\u201d.<\/p>\n<p><strong>L\u2019emprenedor s\u2019ha d\u2019implicar en el seu projecte i invertir-hi el seu temps<\/strong><\/p>\n<p>Una de les demandes del perfil emprenedor \u00e9s que sigui capa\u00e7 de dedicar-li el seu temps i implicar-se al 100%. Una caracter\u00edstica que Mir va comprovar personalment quan va decidir emprendre i mantenir el seu lloc a Grupo Intercom, tot combinant-ho amb la maternitat. \u201cVa ser un error. Jo buscava emprenedors que s\u2019involucressin al 100% en els projectes i, en canvi, jo no ho vaig fer des de l\u2019inici. Va arribar un moment en qu\u00e8 vaig haver d\u2019escollir i posar tota la meva energia a paraBebes.com\u201d, comenta l\u2019emprenedora.<\/p>\n<p><strong>Flexibilitat i treball per objectius, claus per atreure talent<\/strong><\/p>\n<p>\u201cQuan arranques un projecte nou, les persones formen part de l\u2019equip les 24 hores del dia, per aix\u00f2 \u00e9s important envoltar-te de gent bona, professional i generosa, disposada a donar-ho tot, a compartir\u201d, explica Mir. Una feina a temps complet en qu\u00e8 entra en joc la flexibilitat i el treball per objectius. \u201cIntercom m\u2019ho va donar des del primer dia que m\u2019hi vaig incorporar. Jo ho he ofert tamb\u00e9 a les persones que treballen amb mi, i aix\u00f2 fa que estiguin felices, agra\u00efdes i que portin el projecte sempre amb elles. Aconsegueixes molta m\u00e9s implicaci\u00f3\u201d, assegura. \u201cA les empreses que no treballin en aquesta direcci\u00f3 crec que els costar\u00e0 molt atreure i retenir talent, perqu\u00e8 les noves generacions volen llibertat, flexibilitat i desenvolupament personal\u201d, destaca.<\/p>\n<p><img loading=\"lazy\" decoding=\"async\" class=\"aligncenter wp-image-2534\" src=\"https:\/\/www.techbarcelona.com\/wp-content\/uploads\/Mireia-Mir-blog-2-1.jpg\" alt=\"\" width=\"795\" height=\"587\" \/><\/p>\n<p><strong>Emprendre \u00e9s com una muntanya russa: el mateix dia pots estar a dalt de tot i despr\u00e9s tocar fons<\/strong><\/p>\n<p>\u201cS\u2019ha d\u2019aprendre a conviure-hi, i per aix\u00f2 \u00e9s tan important tenir al teu costat persones que et puguin donar suport\u201d, explica Mir. Un suport que no es redueix nom\u00e9s a l\u2019equip m\u00e9s proper, \u201csin\u00f3 a tenir un entorn com Barcelona Tech City o Grupo Intercom, en el qual est\u00e0s convivint amb altres emprenedors que t\u2019entenen perqu\u00e8 est\u00e0s passant pel mateix. Resulta de gran ajuda compartir experi\u00e8ncies i agafar dreceres\u201d.<\/p>\n<p><strong>Formar part d\u2019un ecosistema \u00e9s fonamental<\/strong><\/p>\n<p>Mireia Mir ha treballat durant 18 anys a Grupo Intercom i ha compartit experi\u00e8ncies amb m\u00e9s de 40 emprenedors. \u201cL\u2019ecosistema que es va crear all\u00e0 \u00e9s molt especial, ha estat molt enriquidor; treballar de manera a\u00efllada fa que et perdis tot aix\u00f2\u201d, i destaca com n\u2019\u00e9s d\u2019important per als emprenedors estar vinculat a un ecosistema. \u201cBarcelona Tech City ha aconseguit crear un ecosistema potent, molt m\u00e9s gran, i crec que aix\u00f2 \u00e9s molt important en qualsevol entorn en qu\u00e8 et moguis\u201d, assegura Mir.<\/p>\n<p><strong>Aposta de futur pel Network Marketing<\/strong><\/p>\n<p>Segons comenta Mireia Mir, unes 80.000 empreses de tot el m\u00f3n utilitzen actualment una nova manera de desenvolupar la seva estrat\u00e8gia de m\u00e0rqueting i vendes coneguda com a Network Marketing. \u201cEs basa en el poder de la recomanaci\u00f3, que antigament era el boca-orella. Amb la digitalitzaci\u00f3, el boca-orella s\u2019amplifica i les xarxes socials s\u00f3n una gran oportunitat per desenvolupar qualsevol negoci de Network Marketing\u201d, explica. Mir recomana el llibre \u2018El negocio del siglo XXI\u2019 de Robert Kiyosaki, on es perfila que aquesta nova estrat\u00e8gia ser\u00e0 una revoluci\u00f3 en aquest segle gr\u00e0cies a les xarxes socials i el comer\u00e7 electr\u00f2nic, que faciliten enormement la recomanaci\u00f3 i venda de productes i serveis. \u201cRecomano llegir-lo a aquelles persones que estiguin buscant una oportunitat de negoci per emprendre\u201d, comenta Mir.\u201cEl Network Marketing em permet, d\u2019una banda, seguir connectada amb l\u2019ecosistema emprenedor i, d\u2019altra banda, utilitzar la meva experi\u00e8ncia digital per donar a con\u00e8ixer tant l\u2019oportunitat de negoci com els productes\u201d explica Mireia Mir.<\/p>\n","protected":false},"excerpt":{"rendered":"<p>Mireia Mir era assessora d\u2019emprenedors a Barcelona Activa quan va rebre un innovador projecte digital conegut com a Infojobs. Era l\u2019any 1998. En aquell moment va comen\u00e7ar la seva col\u00b7laboraci\u00f3 amb el Grupo Intercom, on posteriorment passaria a dirigir la incubadora de negocis que el grup es disposava a posar [&hellip;]<\/p>\n","protected":false},"author":1,"featured_media":19484,"comment_status":"closed","ping_status":"closed","sticky":false,"template":"","format":"standard","meta":{"_acf_changed":false,"_mo_disable_npp":"","footnotes":""},"categories":[],"tags":[],"class_list":["post-20644","post","type-post","status-publish","format-standard","has-post-thumbnail","hentry"],"acf":[],"yoast_head":"<!-- This site is optimized with the Yoast SEO plugin v27.5 - https:\/\/yoast.com\/product\/yoast-seo-wordpress\/ -->\n<title>Mireia Mir: La flexibilitat i el treball per objectius atreuen talent i m\u00e9s implicaci\u00f3 - Tech Barcelona<\/title>\n<meta name=\"robots\" content=\"index, follow, max-snippet:-1, max-image-preview:large, max-video-preview:-1\" \/>\n<link rel=\"canonical\" href=\"https:\/\/www.techbarcelona.com\/ca\/mireia-mir-la-flexibilitat-i-el-treball-per-objectius-atreuen-talent-i-mes-implicacio\/\" \/>\n<meta property=\"og:locale\" content=\"ca_ES\" \/>\n<meta property=\"og:type\" content=\"article\" \/>\n<meta property=\"og:title\" content=\"Mireia Mir: La flexibilitat i el treball per objectius atreuen talent i m\u00e9s implicaci\u00f3 - Tech Barcelona\" \/>\n<meta property=\"og:description\" content=\"Mireia Mir era assessora d\u2019emprenedors a Barcelona Activa quan va rebre un innovador projecte digital conegut com a Infojobs. Era l\u2019any 1998. En aquell moment va comen\u00e7ar la seva col\u00b7laboraci\u00f3 amb el Grupo Intercom, on posteriorment passaria a dirigir la incubadora de negocis que el grup es disposava a posar [&hellip;]\" \/>\n<meta property=\"og:url\" content=\"https:\/\/www.techbarcelona.com\/ca\/mireia-mir-la-flexibilitat-i-el-treball-per-objectius-atreuen-talent-i-mes-implicacio\/\" \/>\n<meta property=\"og:site_name\" content=\"Tech Barcelona\" \/>\n<meta property=\"article:publisher\" content=\"https:\/\/www.facebook.com\/BarcelonaTechCity\" \/>\n<meta property=\"article:published_time\" content=\"2018-02-20T23:00:00+00:00\" \/>\n<meta property=\"og:image\" content=\"https:\/\/www.techbarcelona.com\/wp-content\/uploads\/MireiaMir.jpg\" \/>\n\t<meta property=\"og:image:width\" content=\"1920\" \/>\n\t<meta property=\"og:image:height\" content=\"1080\" \/>\n\t<meta property=\"og:image:type\" content=\"image\/jpeg\" \/>\n<meta name=\"author\" content=\"wearefirma dev\" \/>\n<meta name=\"twitter:card\" content=\"summary_large_image\" \/>\n<meta name=\"twitter:creator\" content=\"@bcntechcity\" \/>\n<meta name=\"twitter:site\" content=\"@bcntechcity\" \/>\n<meta name=\"twitter:label1\" content=\"Escrit per\" \/>\n\t<meta name=\"twitter:data1\" content=\"wearefirma dev\" \/>\n\t<meta name=\"twitter:label2\" content=\"Temps estimat de lectura\" \/>\n\t<meta name=\"twitter:data2\" content=\"7 minuts\" \/>\n<script type=\"application\/ld+json\" class=\"yoast-schema-graph\">{\"@context\":\"https:\\\/\\\/schema.org\",\"@graph\":[{\"@type\":\"Article\",\"@id\":\"https:\\\/\\\/www.techbarcelona.com\\\/ca\\\/mireia-mir-la-flexibilitat-i-el-treball-per-objectius-atreuen-talent-i-mes-implicacio\\\/#article\",\"isPartOf\":{\"@id\":\"https:\\\/\\\/www.techbarcelona.com\\\/ca\\\/mireia-mir-la-flexibilitat-i-el-treball-per-objectius-atreuen-talent-i-mes-implicacio\\\/\"},\"author\":{\"name\":\"wearefirma dev\",\"@id\":\"https:\\\/\\\/www.techbarcelona.com\\\/ca\\\/#\\\/schema\\\/person\\\/cd066d6149f05167faee07c5eeb6052a\"},\"headline\":\"Mireia Mir: La flexibilitat i el treball per objectius atreuen talent i m\u00e9s implicaci\u00f3\",\"datePublished\":\"2018-02-20T23:00:00+00:00\",\"mainEntityOfPage\":{\"@id\":\"https:\\\/\\\/www.techbarcelona.com\\\/ca\\\/mireia-mir-la-flexibilitat-i-el-treball-per-objectius-atreuen-talent-i-mes-implicacio\\\/\"},\"wordCount\":1413,\"publisher\":{\"@id\":\"https:\\\/\\\/www.techbarcelona.com\\\/ca\\\/#organization\"},\"image\":{\"@id\":\"https:\\\/\\\/www.techbarcelona.com\\\/ca\\\/mireia-mir-la-flexibilitat-i-el-treball-per-objectius-atreuen-talent-i-mes-implicacio\\\/#primaryimage\"},\"thumbnailUrl\":\"https:\\\/\\\/www.techbarcelona.com\\\/wp-content\\\/uploads\\\/MireiaMir.jpg\",\"inLanguage\":\"ca\"},{\"@type\":\"WebPage\",\"@id\":\"https:\\\/\\\/www.techbarcelona.com\\\/ca\\\/mireia-mir-la-flexibilitat-i-el-treball-per-objectius-atreuen-talent-i-mes-implicacio\\\/\",\"url\":\"https:\\\/\\\/www.techbarcelona.com\\\/ca\\\/mireia-mir-la-flexibilitat-i-el-treball-per-objectius-atreuen-talent-i-mes-implicacio\\\/\",\"name\":\"Mireia Mir: La flexibilitat i el treball per objectius atreuen talent i m\u00e9s implicaci\u00f3 - Tech Barcelona\",\"isPartOf\":{\"@id\":\"https:\\\/\\\/www.techbarcelona.com\\\/ca\\\/#website\"},\"primaryImageOfPage\":{\"@id\":\"https:\\\/\\\/www.techbarcelona.com\\\/ca\\\/mireia-mir-la-flexibilitat-i-el-treball-per-objectius-atreuen-talent-i-mes-implicacio\\\/#primaryimage\"},\"image\":{\"@id\":\"https:\\\/\\\/www.techbarcelona.com\\\/ca\\\/mireia-mir-la-flexibilitat-i-el-treball-per-objectius-atreuen-talent-i-mes-implicacio\\\/#primaryimage\"},\"thumbnailUrl\":\"https:\\\/\\\/www.techbarcelona.com\\\/wp-content\\\/uploads\\\/MireiaMir.jpg\",\"datePublished\":\"2018-02-20T23:00:00+00:00\",\"breadcrumb\":{\"@id\":\"https:\\\/\\\/www.techbarcelona.com\\\/ca\\\/mireia-mir-la-flexibilitat-i-el-treball-per-objectius-atreuen-talent-i-mes-implicacio\\\/#breadcrumb\"},\"inLanguage\":\"ca\",\"potentialAction\":[{\"@type\":\"ReadAction\",\"target\":[\"https:\\\/\\\/www.techbarcelona.com\\\/ca\\\/mireia-mir-la-flexibilitat-i-el-treball-per-objectius-atreuen-talent-i-mes-implicacio\\\/\"]}]},{\"@type\":\"ImageObject\",\"inLanguage\":\"ca\",\"@id\":\"https:\\\/\\\/www.techbarcelona.com\\\/ca\\\/mireia-mir-la-flexibilitat-i-el-treball-per-objectius-atreuen-talent-i-mes-implicacio\\\/#primaryimage\",\"url\":\"https:\\\/\\\/www.techbarcelona.com\\\/wp-content\\\/uploads\\\/MireiaMir.jpg\",\"contentUrl\":\"https:\\\/\\\/www.techbarcelona.com\\\/wp-content\\\/uploads\\\/MireiaMir.jpg\",\"width\":1920,\"height\":1080},{\"@type\":\"BreadcrumbList\",\"@id\":\"https:\\\/\\\/www.techbarcelona.com\\\/ca\\\/mireia-mir-la-flexibilitat-i-el-treball-per-objectius-atreuen-talent-i-mes-implicacio\\\/#breadcrumb\",\"itemListElement\":[{\"@type\":\"ListItem\",\"position\":1,\"name\":\"Portada\",\"item\":\"https:\\\/\\\/www.techbarcelona.com\\\/ca\\\/\"},{\"@type\":\"ListItem\",\"position\":2,\"name\":\"Mireia Mir: La flexibilitat i el treball per objectius atreuen talent i m\u00e9s implicaci\u00f3\"}]},{\"@type\":\"WebSite\",\"@id\":\"https:\\\/\\\/www.techbarcelona.com\\\/ca\\\/#website\",\"url\":\"https:\\\/\\\/www.techbarcelona.com\\\/ca\\\/\",\"name\":\"Tech Barcelona\",\"description\":\"\",\"publisher\":{\"@id\":\"https:\\\/\\\/www.techbarcelona.com\\\/ca\\\/#organization\"},\"potentialAction\":[{\"@type\":\"SearchAction\",\"target\":{\"@type\":\"EntryPoint\",\"urlTemplate\":\"https:\\\/\\\/www.techbarcelona.com\\\/ca\\\/?s={search_term_string}\"},\"query-input\":{\"@type\":\"PropertyValueSpecification\",\"valueRequired\":true,\"valueName\":\"search_term_string\"}}],\"inLanguage\":\"ca\"},{\"@type\":\"Organization\",\"@id\":\"https:\\\/\\\/www.techbarcelona.com\\\/ca\\\/#organization\",\"name\":\"Tech Barcelona\",\"url\":\"https:\\\/\\\/www.techbarcelona.com\\\/ca\\\/\",\"logo\":{\"@type\":\"ImageObject\",\"inLanguage\":\"ca\",\"@id\":\"https:\\\/\\\/www.techbarcelona.com\\\/ca\\\/#\\\/schema\\\/logo\\\/image\\\/\",\"url\":\"https:\\\/\\\/www.techbarcelona.com\\\/wp-content\\\/uploads\\\/logo-tech-bcn-black.png\",\"contentUrl\":\"https:\\\/\\\/www.techbarcelona.com\\\/wp-content\\\/uploads\\\/logo-tech-bcn-black.png\",\"width\":347,\"height\":90,\"caption\":\"Tech Barcelona\"},\"image\":{\"@id\":\"https:\\\/\\\/www.techbarcelona.com\\\/ca\\\/#\\\/schema\\\/logo\\\/image\\\/\"},\"sameAs\":[\"https:\\\/\\\/www.facebook.com\\\/BarcelonaTechCity\",\"https:\\\/\\\/x.com\\\/bcntechcity\",\"https:\\\/\\\/www.instagram.com\\\/bcntechcity\\\/\",\"https:\\\/\\\/www.linkedin.com\\\/company\\\/barcelona-tech-city\\\/\",\"https:\\\/\\\/www.youtube.com\\\/channel\\\/UCKX-ZX0pM37GRtVNKgr4Rxg\"]},{\"@type\":\"Person\",\"@id\":\"https:\\\/\\\/www.techbarcelona.com\\\/ca\\\/#\\\/schema\\\/person\\\/cd066d6149f05167faee07c5eeb6052a\",\"name\":\"wearefirma dev\",\"image\":{\"@type\":\"ImageObject\",\"inLanguage\":\"ca\",\"@id\":\"https:\\\/\\\/secure.gravatar.com\\\/avatar\\\/ab2535b1fd4758a82464db417fc5c2cfb853d513b4e2900d8bbd5a4639ffa252?s=96&d=mm&r=g\",\"url\":\"https:\\\/\\\/secure.gravatar.com\\\/avatar\\\/ab2535b1fd4758a82464db417fc5c2cfb853d513b4e2900d8bbd5a4639ffa252?s=96&d=mm&r=g\",\"contentUrl\":\"https:\\\/\\\/secure.gravatar.com\\\/avatar\\\/ab2535b1fd4758a82464db417fc5c2cfb853d513b4e2900d8bbd5a4639ffa252?s=96&d=mm&r=g\",\"caption\":\"wearefirma dev\"},\"sameAs\":[\"https:\\\/\\\/holarafa.com\"]}]}<\/script>\n<!-- \/ Yoast SEO plugin. -->","yoast_head_json":{"title":"Mireia Mir: La flexibilitat i el treball per objectius atreuen talent i m\u00e9s implicaci\u00f3 - Tech Barcelona","robots":{"index":"index","follow":"follow","max-snippet":"max-snippet:-1","max-image-preview":"max-image-preview:large","max-video-preview":"max-video-preview:-1"},"canonical":"https:\/\/www.techbarcelona.com\/ca\/mireia-mir-la-flexibilitat-i-el-treball-per-objectius-atreuen-talent-i-mes-implicacio\/","og_locale":"ca_ES","og_type":"article","og_title":"Mireia Mir: La flexibilitat i el treball per objectius atreuen talent i m\u00e9s implicaci\u00f3 - Tech Barcelona","og_description":"Mireia Mir era assessora d\u2019emprenedors a Barcelona Activa quan va rebre un innovador projecte digital conegut com a Infojobs. Era l\u2019any 1998. En aquell moment va comen\u00e7ar la seva col\u00b7laboraci\u00f3 amb el Grupo Intercom, on posteriorment passaria a dirigir la incubadora de negocis que el grup es disposava a posar [&hellip;]","og_url":"https:\/\/www.techbarcelona.com\/ca\/mireia-mir-la-flexibilitat-i-el-treball-per-objectius-atreuen-talent-i-mes-implicacio\/","og_site_name":"Tech Barcelona","article_publisher":"https:\/\/www.facebook.com\/BarcelonaTechCity","article_published_time":"2018-02-20T23:00:00+00:00","og_image":[{"width":1920,"height":1080,"url":"https:\/\/www.techbarcelona.com\/wp-content\/uploads\/MireiaMir.jpg","type":"image\/jpeg"}],"author":"wearefirma dev","twitter_card":"summary_large_image","twitter_creator":"@bcntechcity","twitter_site":"@bcntechcity","twitter_misc":{"Escrit per":"wearefirma dev","Temps estimat de lectura":"7 minuts"},"schema":{"@context":"https:\/\/schema.org","@graph":[{"@type":"Article","@id":"https:\/\/www.techbarcelona.com\/ca\/mireia-mir-la-flexibilitat-i-el-treball-per-objectius-atreuen-talent-i-mes-implicacio\/#article","isPartOf":{"@id":"https:\/\/www.techbarcelona.com\/ca\/mireia-mir-la-flexibilitat-i-el-treball-per-objectius-atreuen-talent-i-mes-implicacio\/"},"author":{"name":"wearefirma dev","@id":"https:\/\/www.techbarcelona.com\/ca\/#\/schema\/person\/cd066d6149f05167faee07c5eeb6052a"},"headline":"Mireia Mir: La flexibilitat i el treball per objectius atreuen talent i m\u00e9s implicaci\u00f3","datePublished":"2018-02-20T23:00:00+00:00","mainEntityOfPage":{"@id":"https:\/\/www.techbarcelona.com\/ca\/mireia-mir-la-flexibilitat-i-el-treball-per-objectius-atreuen-talent-i-mes-implicacio\/"},"wordCount":1413,"publisher":{"@id":"https:\/\/www.techbarcelona.com\/ca\/#organization"},"image":{"@id":"https:\/\/www.techbarcelona.com\/ca\/mireia-mir-la-flexibilitat-i-el-treball-per-objectius-atreuen-talent-i-mes-implicacio\/#primaryimage"},"thumbnailUrl":"https:\/\/www.techbarcelona.com\/wp-content\/uploads\/MireiaMir.jpg","inLanguage":"ca"},{"@type":"WebPage","@id":"https:\/\/www.techbarcelona.com\/ca\/mireia-mir-la-flexibilitat-i-el-treball-per-objectius-atreuen-talent-i-mes-implicacio\/","url":"https:\/\/www.techbarcelona.com\/ca\/mireia-mir-la-flexibilitat-i-el-treball-per-objectius-atreuen-talent-i-mes-implicacio\/","name":"Mireia Mir: La flexibilitat i el treball per objectius atreuen talent i m\u00e9s implicaci\u00f3 - Tech Barcelona","isPartOf":{"@id":"https:\/\/www.techbarcelona.com\/ca\/#website"},"primaryImageOfPage":{"@id":"https:\/\/www.techbarcelona.com\/ca\/mireia-mir-la-flexibilitat-i-el-treball-per-objectius-atreuen-talent-i-mes-implicacio\/#primaryimage"},"image":{"@id":"https:\/\/www.techbarcelona.com\/ca\/mireia-mir-la-flexibilitat-i-el-treball-per-objectius-atreuen-talent-i-mes-implicacio\/#primaryimage"},"thumbnailUrl":"https:\/\/www.techbarcelona.com\/wp-content\/uploads\/MireiaMir.jpg","datePublished":"2018-02-20T23:00:00+00:00","breadcrumb":{"@id":"https:\/\/www.techbarcelona.com\/ca\/mireia-mir-la-flexibilitat-i-el-treball-per-objectius-atreuen-talent-i-mes-implicacio\/#breadcrumb"},"inLanguage":"ca","potentialAction":[{"@type":"ReadAction","target":["https:\/\/www.techbarcelona.com\/ca\/mireia-mir-la-flexibilitat-i-el-treball-per-objectius-atreuen-talent-i-mes-implicacio\/"]}]},{"@type":"ImageObject","inLanguage":"ca","@id":"https:\/\/www.techbarcelona.com\/ca\/mireia-mir-la-flexibilitat-i-el-treball-per-objectius-atreuen-talent-i-mes-implicacio\/#primaryimage","url":"https:\/\/www.techbarcelona.com\/wp-content\/uploads\/MireiaMir.jpg","contentUrl":"https:\/\/www.techbarcelona.com\/wp-content\/uploads\/MireiaMir.jpg","width":1920,"height":1080},{"@type":"BreadcrumbList","@id":"https:\/\/www.techbarcelona.com\/ca\/mireia-mir-la-flexibilitat-i-el-treball-per-objectius-atreuen-talent-i-mes-implicacio\/#breadcrumb","itemListElement":[{"@type":"ListItem","position":1,"name":"Portada","item":"https:\/\/www.techbarcelona.com\/ca\/"},{"@type":"ListItem","position":2,"name":"Mireia Mir: La flexibilitat i el treball per objectius atreuen talent i m\u00e9s implicaci\u00f3"}]},{"@type":"WebSite","@id":"https:\/\/www.techbarcelona.com\/ca\/#website","url":"https:\/\/www.techbarcelona.com\/ca\/","name":"Tech Barcelona","description":"","publisher":{"@id":"https:\/\/www.techbarcelona.com\/ca\/#organization"},"potentialAction":[{"@type":"SearchAction","target":{"@type":"EntryPoint","urlTemplate":"https:\/\/www.techbarcelona.com\/ca\/?s={search_term_string}"},"query-input":{"@type":"PropertyValueSpecification","valueRequired":true,"valueName":"search_term_string"}}],"inLanguage":"ca"},{"@type":"Organization","@id":"https:\/\/www.techbarcelona.com\/ca\/#organization","name":"Tech Barcelona","url":"https:\/\/www.techbarcelona.com\/ca\/","logo":{"@type":"ImageObject","inLanguage":"ca","@id":"https:\/\/www.techbarcelona.com\/ca\/#\/schema\/logo\/image\/","url":"https:\/\/www.techbarcelona.com\/wp-content\/uploads\/logo-tech-bcn-black.png","contentUrl":"https:\/\/www.techbarcelona.com\/wp-content\/uploads\/logo-tech-bcn-black.png","width":347,"height":90,"caption":"Tech Barcelona"},"image":{"@id":"https:\/\/www.techbarcelona.com\/ca\/#\/schema\/logo\/image\/"},"sameAs":["https:\/\/www.facebook.com\/BarcelonaTechCity","https:\/\/x.com\/bcntechcity","https:\/\/www.instagram.com\/bcntechcity\/","https:\/\/www.linkedin.com\/company\/barcelona-tech-city\/","https:\/\/www.youtube.com\/channel\/UCKX-ZX0pM37GRtVNKgr4Rxg"]},{"@type":"Person","@id":"https:\/\/www.techbarcelona.com\/ca\/#\/schema\/person\/cd066d6149f05167faee07c5eeb6052a","name":"wearefirma dev","image":{"@type":"ImageObject","inLanguage":"ca","@id":"https:\/\/secure.gravatar.com\/avatar\/ab2535b1fd4758a82464db417fc5c2cfb853d513b4e2900d8bbd5a4639ffa252?s=96&d=mm&r=g","url":"https:\/\/secure.gravatar.com\/avatar\/ab2535b1fd4758a82464db417fc5c2cfb853d513b4e2900d8bbd5a4639ffa252?s=96&d=mm&r=g","contentUrl":"https:\/\/secure.gravatar.com\/avatar\/ab2535b1fd4758a82464db417fc5c2cfb853d513b4e2900d8bbd5a4639ffa252?s=96&d=mm&r=g","caption":"wearefirma dev"},"sameAs":["https:\/\/holarafa.com"]}]}},"_links":{"self":[{"href":"https:\/\/www.techbarcelona.com\/ca\/wp-json\/wp\/v2\/posts\/20644","targetHints":{"allow":["GET"]}}],"collection":[{"href":"https:\/\/www.techbarcelona.com\/ca\/wp-json\/wp\/v2\/posts"}],"about":[{"href":"https:\/\/www.techbarcelona.com\/ca\/wp-json\/wp\/v2\/types\/post"}],"author":[{"embeddable":true,"href":"https:\/\/www.techbarcelona.com\/ca\/wp-json\/wp\/v2\/users\/1"}],"replies":[{"embeddable":true,"href":"https:\/\/www.techbarcelona.com\/ca\/wp-json\/wp\/v2\/comments?post=20644"}],"version-history":[{"count":0,"href":"https:\/\/www.techbarcelona.com\/ca\/wp-json\/wp\/v2\/posts\/20644\/revisions"}],"wp:featuredmedia":[{"embeddable":true,"href":"https:\/\/www.techbarcelona.com\/ca\/wp-json\/wp\/v2\/media\/19484"}],"wp:attachment":[{"href":"https:\/\/www.techbarcelona.com\/ca\/wp-json\/wp\/v2\/media?parent=20644"}],"wp:term":[{"taxonomy":"category","embeddable":true,"href":"https:\/\/www.techbarcelona.com\/ca\/wp-json\/wp\/v2\/categories?post=20644"},{"taxonomy":"post_tag","embeddable":true,"href":"https:\/\/www.techbarcelona.com\/ca\/wp-json\/wp\/v2\/tags?post=20644"}],"curies":[{"name":"wp","href":"https:\/\/api.w.org\/{rel}","templated":true}]}}