{"id":20693,"date":"2019-01-15T00:00:00","date_gmt":"2019-01-14T23:00:00","guid":{"rendered":"https:\/\/techbcndev.wearefirma.com\/ana-maiques-com-a-emprenedor-no-perdis-mai-de-vista-per-que-vas-iniciar-una-companyia\/"},"modified":"2019-01-15T00:00:00","modified_gmt":"2019-01-14T23:00:00","slug":"ana-maiques-com-a-emprenedor-no-perdis-mai-de-vista-per-que-vas-iniciar-una-companyia","status":"publish","type":"post","link":"https:\/\/www.techbarcelona.com\/ca\/ana-maiques-com-a-emprenedor-no-perdis-mai-de-vista-per-que-vas-iniciar-una-companyia\/","title":{"rendered":"Ana Maiques: Com a emprenedor, no perdis mai de vista per qu\u00e8 vas iniciar una companyia"},"content":{"rendered":"<p><strong>Ana Maiques<\/strong> \u00e9s fundadora i directora general de Neuroelectrics, companyia en la qual treballa juntament amb el seu soci Giulio Ruffini. Els or\u00edgens de Neuroelectrics, que est\u00e0 desenvolupant noves tecnologies en el camp de l&#8217;estimulaci\u00f3 cerebral i la neuroci\u00e8ncia, comencen l&#8217;any 2000 amb Starlab i la companyia belga en qu\u00e8 tots dos treballaven i que estava a punt de desapar\u00e8ixer. Aquest va ser el punt clau en qu\u00e8 els cofundadors de Neuroelectrics van prendre la decisi\u00f3 d&#8217;aprofitar el moment i fer-se amb el control de l&#8217;empresa, comprant-la al govern belga. \u00abNo vam n\u00e9ixer emprenedors sin\u00f3 que, en un moment donat de la nostra vida, vam prendre i triar l&#8217;opci\u00f3 de m\u00e9s risc\u00bb, explica Maiques. Neuroelectrics va n\u00e9ixer el 2011 com la forma de portar al mercat tota la recerca que s&#8217;estava duent a terme a Starlab, \u00abuna empresa derivada focalitzada en tecnologia m\u00e8dica era la manera amb m\u00e9s potencial de donar-li \u00e8xit\u00bb.<\/p>\n<div class=\"embed-responsive embed-responsive-16by9\"><iframe loading=\"lazy\" src=\"https:\/\/www.youtube-nocookie.com\/embed\/DojPFhzs9zg \" width=\"560\" height=\"315\" frameborder=\"0\" allowfullscreen=\"allowfullscreen\"><\/iframe><\/div>\n<p>Mare de quatre fills, assegura que \u00abla conciliaci\u00f3 sempre \u00e9s un repte, per\u00f2 tamb\u00e9 \u00e9s cosa de dos\u00bb i, tot i que no ha percebut discriminaci\u00f3 pel fet de ser dona, creu que \u00abencara falta molt cam\u00ed per rec\u00f3rrer\u00bb per aconseguir la igualtat.<\/p>\n<p>Com a <strong>ambaixadora de Barcelona Tech City<\/strong>, Maiques exporta al m\u00f3n la marca Barcelona i la quantitat de talent i la capacitat de crear empreses globals amb qu\u00e8 compta la ciutat en aquests moments. De la seva experi\u00e8ncia hem extret alguns punts clau:<\/p>\n<p><img loading=\"lazy\" decoding=\"async\" class=\"alignnone size-large wp-image-10814\" src=\"https:\/\/www.techbarcelona.com\/wp-content\/uploads\/NEUROELECTRICS04.jpg\" alt=\"\" width=\"1024\" height=\"576\" \/>\u00a0 <strong>NO PERDRE DE VISTA PER QU\u00c8 VAS INICIAR LA TEVA COMPANYIA<\/strong><\/p>\n<p>Fa m\u00e9s de 15 anys, quan Maiques i Ruffini es van embarcar en Neuroelectrics, l&#8217;objectiu era clar: \u00abcom passar de la recerca a tenir un impacte\u00bb. D&#8217;aqu\u00ed va n\u00e9ixer Starstim, una gorra capa\u00e7 de llegir l&#8217;activitat cerebral, diagnosticar malalties i injectar petits corrents el\u00e8ctrics al cervell que poden ajudar a curar malalties. \u00abCrec que l&#8217;aprenentatge m\u00e9s important \u00e9s que mai perdis de vista per qu\u00e8 vas comen\u00e7ar una companyia i, en segon lloc, que requereix m\u00e9s temps del que hagis pensat inicialment arribar a la teva visi\u00f3\u00bb, recorda Maiques.<\/p>\n<p><strong>SER AMBICI\u00d3S, PENSAR EN GLOBAL<\/strong><\/p>\n<p>\u00abCrec que les empreses que naixem en un entorn privilegiat com Barcelona hem de tenir una cultura global i mundial\u00bb, reflexiona la cofundadora de Neuroelectrics, que va recordar que els pacients s\u00f3n a tot arreu del m\u00f3n de manera que \u00absi fas alguna cosa de valor cal tenir aquesta mentalitat d&#8217;empresa global i de tenir un impacte en molt\u00edssims llocs del m\u00f3n\u00bb.<\/p>\n<p><img loading=\"lazy\" decoding=\"async\" class=\"alignnone size-large wp-image-10826\" src=\"https:\/\/www.techbarcelona.com\/wp-content\/uploads\/NEUROELECTRICS08.jpg\" alt=\"\" width=\"1024\" height=\"576\" \/><\/p>\n<p><strong>ADAPTAR-SE A CADA FASE I ACONSEGUIR UN PRODUCTE ESCALABLE<\/strong><\/p>\n<p>Transmetre un producte al mercat, especialment si es tracta de l&#8217;\u00e0rea cient\u00edfica, sempre \u00e9s complicat i implica diferents fases, des de tenir la idea fins a llan\u00e7ar el prototip. Per\u00f2 des de tenir aquesta primera prova fins a aconseguir un producte escalable hi ha un cam\u00ed \u00abdur i complex\u00bb i \u00absubestimem l&#8217;esfor\u00e7 que comporta aquesta transfer\u00e8ncia tecnol\u00f2gica\u00bb. Per fer de Neuroelectrics un negoci ha estat necessari \u00abreinventar-se en cada fase, perqu\u00e8 cadascuna requereix <em>skills<\/em> i coneixements diferents del mercat i de la teva companyia\u00bb.<\/p>\n<p><strong>SER MOLT ESTRICTES AMB LA QUALITAT DEL PRODUCTE<\/strong><\/p>\n<p>\u00abEl disseny, sobretot en productes complexos i de valor afegit amb programari i maquinari, sempre t\u00e9 molta complexitat i per aix\u00f2 recomano ser molt estrictes amb la qualitat del producte, perqu\u00e8 si no tens un producte que funcioni molt b\u00e9 no tens un negoci\u00bb, aconsella Maiques.<\/p>\n<p><img loading=\"lazy\" decoding=\"async\" class=\"alignnone size-large wp-image-10835\" src=\"https:\/\/www.techbarcelona.com\/wp-content\/uploads\/NEUROELECTRICS11.jpg\" alt=\"\" width=\"1024\" height=\"576\" \/><\/p>\n<p>En el cas de Neurolectrics, \u00abvam ser valents i vam treure un producte al mercat\u00bb i molt aviat van rebre un feedback que els va ajudar perqu\u00e8 el producte segu\u00eds evolucionant. \u00abLa recomanaci\u00f3 \u00e9s tenir alguna cosa que funcioni molt b\u00e9, encara que sigui la versi\u00f3 m\u00e9s simple, i provar-la en el mercat per millorar-la segons el que vulgui aquest mercat\u00bb, comenta.<\/p>\n<p><strong>INCORPORAR A LA UNIVERSITAT PERFILS INDUSTRIALS I VICEVERSA<\/strong><\/p>\n<p>Com explicava Maiques, centres com el MIT fomenten l&#8217;emprenedoria entre el seu professorat, cosa que els fa estar m\u00e9s en contacte amb el m\u00f3n empresarial i les empreses emergents i afavorir per tant la transfer\u00e8ncia tecnol\u00f2gica del m\u00f3n universitari a l&#8217;empresarial. \u00abSi hi ha gent que gestiona la transfer\u00e8ncia tecnol\u00f2gica, que sigui gent que hagi tingut experi\u00e8ncia industrial, perqu\u00e8 de vegades l&#8217;escola t\u00e9 perfils purament acad\u00e8mics. Crec que cal fer equips m\u00e9s mixtes, tant en les empreses com en el m\u00f3n acad\u00e8mic. Cal tendir m\u00e9s ponts\u00bb, assegura.<\/p>\n<p><img loading=\"lazy\" decoding=\"async\" class=\"alignnone size-large wp-image-10823\" src=\"https:\/\/www.techbarcelona.com\/wp-content\/uploads\/NEUROELECTRICS07.jpg\" alt=\"\" width=\"1024\" height=\"576\" \/><\/p>\n<p><strong>AUGMENTAR LES AJUDES A LA RECERCA A ESPANYA<\/strong><\/p>\n<p>Neurolectrics rep ajuts p\u00fablics, especialment de la Comissi\u00f3 Europea, sense els quals no podrien tirar endavant el seu treball. Una ajuda que a Espanya segueix sent escassa. \u00abA Espanya hi ha molt poca inversi\u00f3 en R+D i no li donem la import\u00e0ncia suficient. No ens adonem de l&#8217;impacte en generacions futures i de la import\u00e0ncia de fer una pol\u00edtica m\u00e9s generosa en investigaci\u00f3, i \u00e9s perqu\u00e8 crec que com a cultura som m\u00e9s de curt termini i no pensem molt en el llarg termini\u00bb, assegura.<\/p>\n<p>Molt diferent de la situaci\u00f3 que s&#8217;ha trobat la companyia en instal\u00b7lar-se a Boston. \u00abQue Boston sigui avui un centre d&#8217;\u00e8xit de ci\u00e8ncies de la vida a Am\u00e8rica \u00e9s fruit d&#8217;una pol\u00edtica sostenible d&#8217;inversi\u00f3 en ci\u00e8ncies de la vida dels \u00faltims 30 anys, no ha passat d&#8217;un dia per l&#8217;altre\u00bb, explica. I \u00e9s que aquestes pol\u00edtiques s&#8217;han de mantenir en el temps perqu\u00e8 donin el seu fruit, i a Espanya \u00abno tenim una pol\u00edtica prou estable que la inversi\u00f3 en R+D ha de cr\u00e9ixer i mantenir-se en el temps\u00bb.<\/p>\n<p><img loading=\"lazy\" decoding=\"async\" class=\"alignnone size-large wp-image-10808\" src=\"https:\/\/www.techbarcelona.com\/wp-content\/uploads\/NEUROELECTRICS02.jpg\" alt=\"\" width=\"1024\" height=\"576\" \/><\/p>\n<p><strong>ATRAURE M\u00c9S CAPITAL INTERNACIONAL<\/strong><\/p>\n<p>El repte de Barcelona i d&#8217;Europa en general implica crear empreses cada vegada m\u00e9s globals i per a aix\u00f2 \u00e9s necessari atraure capital internacional. \u00abHem millorat molt a Europa respecte a altres anys i jo veig una tend\u00e8ncia que ja es fan rondes aqu\u00ed molt interessants i cada vegada m\u00e9s grans, amb socis internacionals\u00bb, comenta Maiques, encara que va considerar que \u00abencara falta molt cam\u00ed per arribar als grans volums que es mouen a Estats Units\u00bb, de manera que cal \u00abseguir treballant per atraure m\u00e9s capital i per fer que les empreses siguin m\u00e9s escalables des de Barcelona\u00bb sense necessitat d&#8217;anar a Silicon Valley o Boston.<\/p>\n<p><strong>COM M\u00c9S FONTS D&#8217;INVERSI\u00d3, M\u00c9S POSSIBILITATS D&#8217;ELECCI\u00d3 <\/strong><\/p>\n<p>Neuroelectrics ha optat per un model de finan\u00e7ament org\u00e0nic, primer basat en ajudes p\u00fabliques i subvencions, i posteriorment en les vendes dels seus productes. Actualment, la companyia s&#8217;ha llan\u00e7at a buscar inversors, \u00abpartners estrat\u00e8gics\u00bb perqu\u00e8 la inversi\u00f3 financera \u00e9s important perqu\u00e8 les companyies puguin escalar. \u00abCom m\u00e9s diners i m\u00e9s fonts de capital hi hagi \u00e9s molt millor per a les companyies perqu\u00e8 poden decidir\u00bb, opina la cofundadora de Neuroelectrics. Disposar d&#8217;aquest finan\u00e7ament no \u00e9s f\u00e0cil a dia d&#8217;avui a Espanya. \u00abCrec que als emprenedors cal donar-los alternatives de finan\u00e7ament per cr\u00e9ixer en cada moment com necessitin. Crec que en aquest pa\u00eds els emprenedors tenen poques alternatives\u00bb, explica.<\/p>\n<p><img loading=\"lazy\" decoding=\"async\" class=\"alignnone size-large wp-image-10832\" src=\"https:\/\/www.techbarcelona.com\/wp-content\/uploads\/NEUROELECTRICS10.jpg\" alt=\"\" width=\"1024\" height=\"576\" \/><\/p>\n<p><strong>BARCELONA, BON LLOC PER TROBAR TALENT<\/strong><\/p>\n<p>Per a Maiques, Barcelona \u00e9s un bon planter de talent, i \u00abno nom\u00e9s local, hi ha molts europeus i molts estrangers als quals els agrada viure a Barcelona, i aix\u00f2 juga a favor\u00bb; a m\u00e9s, \u00abhi ha molta gent que \u00e9s fora i vol tornar a Barcelona; si li dones les condicions adequades tornar\u00e0. Crec que Barcelona \u00e9s un molt bon lloc per trobar talent\u00bb, assegura. Per a aix\u00f2, \u00ab\u00e9s important que les empreses tinguin projecci\u00f3 internacional\u00bb. <strong>\u00ab<\/strong>Si pots treballar en una empresa global que tingui els seus <em>headquarters<\/em> a Barcelona, que pugui tenir projecci\u00f3 i una llarga traject\u00f2ria, aix\u00f2, combinat amb viure a la ciutat \u00e9s perfecte\u00bb, explica.<\/p>\n<p><img loading=\"lazy\" decoding=\"async\" class=\"alignnone size-large wp-image-10805\" src=\"https:\/\/www.techbarcelona.com\/wp-content\/uploads\/NEUROELECTRICS01.jpg\" alt=\"\" width=\"1024\" height=\"576\" \/><\/p>\n<h2><strong>BONUS TRACK<br \/>\n<\/strong><\/h2>\n<p><strong>EMPRENDRE EN UN SECTOR AMB RESTRICCIONS I REGULACIONS<\/strong><\/p>\n<p>Com assenyala Ana Maiques, emprendre en l&#8217;\u00e0mbit de la biotecnologia, com en el cas de Neuroelectrics, no \u00e9s un cam\u00ed f\u00e0cil, \u00abperqu\u00e8 si tu tens una idea d&#8217;una aplicaci\u00f3 o un lloc web que creus que ajudar\u00e0 la gent en qualsevol dimensi\u00f3, doncs tu el desenvolupes i el llances, per\u00f2 al sector m\u00e8dic no pots, hi ha organismes reguladors\u00bb. En el cas d&#8217;Europa, d&#8217;aix\u00f2 s&#8217;encarreguen les autoritats sanit\u00e0ries, mentre que als Estats Units es tracta de la FDA, una ag\u00e8ncia a la qual han pogut apropar-se i con\u00e8ixer millor en traslladar-se a Boston. Uns organismes que tenen com a funci\u00f3 decidir si les innovacions que es desenvolupen s\u00f3n bones i poden accedir al mercat.<\/p>\n<p><img loading=\"lazy\" decoding=\"async\" class=\"alignnone size-large wp-image-10829\" src=\"https:\/\/www.techbarcelona.com\/wp-content\/uploads\/NEUROELECTRICS09.jpg\" alt=\"\" width=\"1024\" height=\"576\" \/><\/p>\n<p>\u00c9s, per tant, un sector molt regulat on els processos de fabricaci\u00f3 s&#8217;han de dur a terme d&#8217;unes formes concretes i avalar amb estudis cl\u00ednics \u00abcomplexos i costosos\u00bb abans de poder vendre un producte. \u00abCrec que per a un emprenedor \u00e9s frustrant perqu\u00e8 no pots anar m\u00e9s de pressa del que permet la regulaci\u00f3 i has de passar per tots aquests processos reguladors que requereixen un esfor\u00e7 burocr\u00e0tic, de processos i d&#8217;organitzaci\u00f3 gaireb\u00e9 antiemprenedor. Per\u00f2 d&#8217;altra banda s\u00f3n les regles del joc quan decideixes entrar en el camp m\u00e8dic i est\u00e0 fet per protegir el pacient\u00bb, explica la cofundadora de Neuroelectrics. El final d&#8217;aquest llarg proc\u00e9s es tradueix en la demostraci\u00f3 de l&#8217;excel\u00b7l\u00e8ncia del producte, a punt per al mercat i avalat per terceres parts.<\/p>\n<p>&nbsp;<\/p>\n","protected":false},"excerpt":{"rendered":"<p>Ana Maiques \u00e9s fundadora i directora general de Neuroelectrics, companyia en la qual treballa juntament amb el seu soci Giulio Ruffini. Els or\u00edgens de Neuroelectrics, que est\u00e0 desenvolupant noves tecnologies en el camp de l&#8217;estimulaci\u00f3 cerebral i la neuroci\u00e8ncia, comencen l&#8217;any 2000 amb Starlab i la companyia belga en qu\u00e8 [&hellip;]<\/p>\n","protected":false},"author":1,"featured_media":19934,"comment_status":"closed","ping_status":"closed","sticky":false,"template":"","format":"standard","meta":{"_acf_changed":false,"_mo_disable_npp":"","footnotes":""},"categories":[],"tags":[],"class_list":["post-20693","post","type-post","status-publish","format-standard","has-post-thumbnail","hentry"],"acf":[],"yoast_head":"<!-- This site is optimized with the Yoast SEO plugin v27.5 - https:\/\/yoast.com\/product\/yoast-seo-wordpress\/ -->\n<title>Ana Maiques: Com a emprenedor, no perdis mai de vista per qu\u00e8 vas iniciar una companyia - Tech Barcelona<\/title>\n<meta name=\"robots\" content=\"index, follow, max-snippet:-1, max-image-preview:large, max-video-preview:-1\" \/>\n<link rel=\"canonical\" href=\"https:\/\/www.techbarcelona.com\/ca\/ana-maiques-com-a-emprenedor-no-perdis-mai-de-vista-per-que-vas-iniciar-una-companyia\/\" \/>\n<meta property=\"og:locale\" content=\"ca_ES\" \/>\n<meta property=\"og:type\" content=\"article\" \/>\n<meta property=\"og:title\" content=\"Ana Maiques: Com a emprenedor, no perdis mai de vista per qu\u00e8 vas iniciar una companyia - Tech Barcelona\" \/>\n<meta property=\"og:description\" content=\"Ana Maiques \u00e9s fundadora i directora general de Neuroelectrics, companyia en la qual treballa juntament amb el seu soci Giulio Ruffini. Els or\u00edgens de Neuroelectrics, que est\u00e0 desenvolupant noves tecnologies en el camp de l&#8217;estimulaci\u00f3 cerebral i la neuroci\u00e8ncia, comencen l&#8217;any 2000 amb Starlab i la companyia belga en qu\u00e8 [&hellip;]\" \/>\n<meta property=\"og:url\" content=\"https:\/\/www.techbarcelona.com\/ca\/ana-maiques-com-a-emprenedor-no-perdis-mai-de-vista-per-que-vas-iniciar-una-companyia\/\" \/>\n<meta property=\"og:site_name\" content=\"Tech Barcelona\" \/>\n<meta property=\"article:publisher\" content=\"https:\/\/www.facebook.com\/BarcelonaTechCity\" \/>\n<meta property=\"article:published_time\" content=\"2019-01-14T23:00:00+00:00\" \/>\n<meta property=\"og:image\" content=\"https:\/\/www.techbarcelona.com\/wp-content\/uploads\/NEUROELECTRICS.jpg\" \/>\n\t<meta property=\"og:image:width\" content=\"1920\" \/>\n\t<meta property=\"og:image:height\" content=\"1080\" \/>\n\t<meta property=\"og:image:type\" content=\"image\/jpeg\" \/>\n<meta name=\"author\" content=\"wearefirma dev\" \/>\n<meta name=\"twitter:card\" content=\"summary_large_image\" \/>\n<meta name=\"twitter:creator\" content=\"@bcntechcity\" \/>\n<meta name=\"twitter:site\" content=\"@bcntechcity\" \/>\n<meta name=\"twitter:label1\" content=\"Escrit per\" \/>\n\t<meta name=\"twitter:data1\" content=\"wearefirma dev\" \/>\n\t<meta name=\"twitter:label2\" content=\"Temps estimat de lectura\" \/>\n\t<meta name=\"twitter:data2\" content=\"8 minuts\" \/>\n<script type=\"application\/ld+json\" class=\"yoast-schema-graph\">{\"@context\":\"https:\\\/\\\/schema.org\",\"@graph\":[{\"@type\":\"Article\",\"@id\":\"https:\\\/\\\/www.techbarcelona.com\\\/ca\\\/ana-maiques-com-a-emprenedor-no-perdis-mai-de-vista-per-que-vas-iniciar-una-companyia\\\/#article\",\"isPartOf\":{\"@id\":\"https:\\\/\\\/www.techbarcelona.com\\\/ca\\\/ana-maiques-com-a-emprenedor-no-perdis-mai-de-vista-per-que-vas-iniciar-una-companyia\\\/\"},\"author\":{\"name\":\"wearefirma dev\",\"@id\":\"https:\\\/\\\/www.techbarcelona.com\\\/ca\\\/#\\\/schema\\\/person\\\/cd066d6149f05167faee07c5eeb6052a\"},\"headline\":\"Ana Maiques: Com a emprenedor, no perdis mai de vista per qu\u00e8 vas iniciar una companyia\",\"datePublished\":\"2019-01-14T23:00:00+00:00\",\"mainEntityOfPage\":{\"@id\":\"https:\\\/\\\/www.techbarcelona.com\\\/ca\\\/ana-maiques-com-a-emprenedor-no-perdis-mai-de-vista-per-que-vas-iniciar-una-companyia\\\/\"},\"wordCount\":1629,\"publisher\":{\"@id\":\"https:\\\/\\\/www.techbarcelona.com\\\/ca\\\/#organization\"},\"image\":{\"@id\":\"https:\\\/\\\/www.techbarcelona.com\\\/ca\\\/ana-maiques-com-a-emprenedor-no-perdis-mai-de-vista-per-que-vas-iniciar-una-companyia\\\/#primaryimage\"},\"thumbnailUrl\":\"https:\\\/\\\/www.techbarcelona.com\\\/wp-content\\\/uploads\\\/NEUROELECTRICS.jpg\",\"inLanguage\":\"ca\"},{\"@type\":\"WebPage\",\"@id\":\"https:\\\/\\\/www.techbarcelona.com\\\/ca\\\/ana-maiques-com-a-emprenedor-no-perdis-mai-de-vista-per-que-vas-iniciar-una-companyia\\\/\",\"url\":\"https:\\\/\\\/www.techbarcelona.com\\\/ca\\\/ana-maiques-com-a-emprenedor-no-perdis-mai-de-vista-per-que-vas-iniciar-una-companyia\\\/\",\"name\":\"Ana Maiques: Com a emprenedor, no perdis mai de vista per qu\u00e8 vas iniciar una companyia - Tech Barcelona\",\"isPartOf\":{\"@id\":\"https:\\\/\\\/www.techbarcelona.com\\\/ca\\\/#website\"},\"primaryImageOfPage\":{\"@id\":\"https:\\\/\\\/www.techbarcelona.com\\\/ca\\\/ana-maiques-com-a-emprenedor-no-perdis-mai-de-vista-per-que-vas-iniciar-una-companyia\\\/#primaryimage\"},\"image\":{\"@id\":\"https:\\\/\\\/www.techbarcelona.com\\\/ca\\\/ana-maiques-com-a-emprenedor-no-perdis-mai-de-vista-per-que-vas-iniciar-una-companyia\\\/#primaryimage\"},\"thumbnailUrl\":\"https:\\\/\\\/www.techbarcelona.com\\\/wp-content\\\/uploads\\\/NEUROELECTRICS.jpg\",\"datePublished\":\"2019-01-14T23:00:00+00:00\",\"breadcrumb\":{\"@id\":\"https:\\\/\\\/www.techbarcelona.com\\\/ca\\\/ana-maiques-com-a-emprenedor-no-perdis-mai-de-vista-per-que-vas-iniciar-una-companyia\\\/#breadcrumb\"},\"inLanguage\":\"ca\",\"potentialAction\":[{\"@type\":\"ReadAction\",\"target\":[\"https:\\\/\\\/www.techbarcelona.com\\\/ca\\\/ana-maiques-com-a-emprenedor-no-perdis-mai-de-vista-per-que-vas-iniciar-una-companyia\\\/\"]}]},{\"@type\":\"ImageObject\",\"inLanguage\":\"ca\",\"@id\":\"https:\\\/\\\/www.techbarcelona.com\\\/ca\\\/ana-maiques-com-a-emprenedor-no-perdis-mai-de-vista-per-que-vas-iniciar-una-companyia\\\/#primaryimage\",\"url\":\"https:\\\/\\\/www.techbarcelona.com\\\/wp-content\\\/uploads\\\/NEUROELECTRICS.jpg\",\"contentUrl\":\"https:\\\/\\\/www.techbarcelona.com\\\/wp-content\\\/uploads\\\/NEUROELECTRICS.jpg\",\"width\":1920,\"height\":1080},{\"@type\":\"BreadcrumbList\",\"@id\":\"https:\\\/\\\/www.techbarcelona.com\\\/ca\\\/ana-maiques-com-a-emprenedor-no-perdis-mai-de-vista-per-que-vas-iniciar-una-companyia\\\/#breadcrumb\",\"itemListElement\":[{\"@type\":\"ListItem\",\"position\":1,\"name\":\"Portada\",\"item\":\"https:\\\/\\\/www.techbarcelona.com\\\/ca\\\/\"},{\"@type\":\"ListItem\",\"position\":2,\"name\":\"Ana Maiques: Com a emprenedor, no perdis mai de vista per qu\u00e8 vas iniciar una companyia\"}]},{\"@type\":\"WebSite\",\"@id\":\"https:\\\/\\\/www.techbarcelona.com\\\/ca\\\/#website\",\"url\":\"https:\\\/\\\/www.techbarcelona.com\\\/ca\\\/\",\"name\":\"Tech Barcelona\",\"description\":\"\",\"publisher\":{\"@id\":\"https:\\\/\\\/www.techbarcelona.com\\\/ca\\\/#organization\"},\"potentialAction\":[{\"@type\":\"SearchAction\",\"target\":{\"@type\":\"EntryPoint\",\"urlTemplate\":\"https:\\\/\\\/www.techbarcelona.com\\\/ca\\\/?s={search_term_string}\"},\"query-input\":{\"@type\":\"PropertyValueSpecification\",\"valueRequired\":true,\"valueName\":\"search_term_string\"}}],\"inLanguage\":\"ca\"},{\"@type\":\"Organization\",\"@id\":\"https:\\\/\\\/www.techbarcelona.com\\\/ca\\\/#organization\",\"name\":\"Tech Barcelona\",\"url\":\"https:\\\/\\\/www.techbarcelona.com\\\/ca\\\/\",\"logo\":{\"@type\":\"ImageObject\",\"inLanguage\":\"ca\",\"@id\":\"https:\\\/\\\/www.techbarcelona.com\\\/ca\\\/#\\\/schema\\\/logo\\\/image\\\/\",\"url\":\"https:\\\/\\\/www.techbarcelona.com\\\/wp-content\\\/uploads\\\/logo-tech-bcn-black.png\",\"contentUrl\":\"https:\\\/\\\/www.techbarcelona.com\\\/wp-content\\\/uploads\\\/logo-tech-bcn-black.png\",\"width\":347,\"height\":90,\"caption\":\"Tech Barcelona\"},\"image\":{\"@id\":\"https:\\\/\\\/www.techbarcelona.com\\\/ca\\\/#\\\/schema\\\/logo\\\/image\\\/\"},\"sameAs\":[\"https:\\\/\\\/www.facebook.com\\\/BarcelonaTechCity\",\"https:\\\/\\\/x.com\\\/bcntechcity\",\"https:\\\/\\\/www.instagram.com\\\/bcntechcity\\\/\",\"https:\\\/\\\/www.linkedin.com\\\/company\\\/barcelona-tech-city\\\/\",\"https:\\\/\\\/www.youtube.com\\\/channel\\\/UCKX-ZX0pM37GRtVNKgr4Rxg\"]},{\"@type\":\"Person\",\"@id\":\"https:\\\/\\\/www.techbarcelona.com\\\/ca\\\/#\\\/schema\\\/person\\\/cd066d6149f05167faee07c5eeb6052a\",\"name\":\"wearefirma dev\",\"image\":{\"@type\":\"ImageObject\",\"inLanguage\":\"ca\",\"@id\":\"https:\\\/\\\/secure.gravatar.com\\\/avatar\\\/ab2535b1fd4758a82464db417fc5c2cfb853d513b4e2900d8bbd5a4639ffa252?s=96&d=mm&r=g\",\"url\":\"https:\\\/\\\/secure.gravatar.com\\\/avatar\\\/ab2535b1fd4758a82464db417fc5c2cfb853d513b4e2900d8bbd5a4639ffa252?s=96&d=mm&r=g\",\"contentUrl\":\"https:\\\/\\\/secure.gravatar.com\\\/avatar\\\/ab2535b1fd4758a82464db417fc5c2cfb853d513b4e2900d8bbd5a4639ffa252?s=96&d=mm&r=g\",\"caption\":\"wearefirma dev\"},\"sameAs\":[\"https:\\\/\\\/holarafa.com\"]}]}<\/script>\n<!-- \/ Yoast SEO plugin. -->","yoast_head_json":{"title":"Ana Maiques: Com a emprenedor, no perdis mai de vista per qu\u00e8 vas iniciar una companyia - Tech Barcelona","robots":{"index":"index","follow":"follow","max-snippet":"max-snippet:-1","max-image-preview":"max-image-preview:large","max-video-preview":"max-video-preview:-1"},"canonical":"https:\/\/www.techbarcelona.com\/ca\/ana-maiques-com-a-emprenedor-no-perdis-mai-de-vista-per-que-vas-iniciar-una-companyia\/","og_locale":"ca_ES","og_type":"article","og_title":"Ana Maiques: Com a emprenedor, no perdis mai de vista per qu\u00e8 vas iniciar una companyia - Tech Barcelona","og_description":"Ana Maiques \u00e9s fundadora i directora general de Neuroelectrics, companyia en la qual treballa juntament amb el seu soci Giulio Ruffini. Els or\u00edgens de Neuroelectrics, que est\u00e0 desenvolupant noves tecnologies en el camp de l&#8217;estimulaci\u00f3 cerebral i la neuroci\u00e8ncia, comencen l&#8217;any 2000 amb Starlab i la companyia belga en qu\u00e8 [&hellip;]","og_url":"https:\/\/www.techbarcelona.com\/ca\/ana-maiques-com-a-emprenedor-no-perdis-mai-de-vista-per-que-vas-iniciar-una-companyia\/","og_site_name":"Tech Barcelona","article_publisher":"https:\/\/www.facebook.com\/BarcelonaTechCity","article_published_time":"2019-01-14T23:00:00+00:00","og_image":[{"width":1920,"height":1080,"url":"https:\/\/www.techbarcelona.com\/wp-content\/uploads\/NEUROELECTRICS.jpg","type":"image\/jpeg"}],"author":"wearefirma dev","twitter_card":"summary_large_image","twitter_creator":"@bcntechcity","twitter_site":"@bcntechcity","twitter_misc":{"Escrit per":"wearefirma dev","Temps estimat de lectura":"8 minuts"},"schema":{"@context":"https:\/\/schema.org","@graph":[{"@type":"Article","@id":"https:\/\/www.techbarcelona.com\/ca\/ana-maiques-com-a-emprenedor-no-perdis-mai-de-vista-per-que-vas-iniciar-una-companyia\/#article","isPartOf":{"@id":"https:\/\/www.techbarcelona.com\/ca\/ana-maiques-com-a-emprenedor-no-perdis-mai-de-vista-per-que-vas-iniciar-una-companyia\/"},"author":{"name":"wearefirma dev","@id":"https:\/\/www.techbarcelona.com\/ca\/#\/schema\/person\/cd066d6149f05167faee07c5eeb6052a"},"headline":"Ana Maiques: Com a emprenedor, no perdis mai de vista per qu\u00e8 vas iniciar una companyia","datePublished":"2019-01-14T23:00:00+00:00","mainEntityOfPage":{"@id":"https:\/\/www.techbarcelona.com\/ca\/ana-maiques-com-a-emprenedor-no-perdis-mai-de-vista-per-que-vas-iniciar-una-companyia\/"},"wordCount":1629,"publisher":{"@id":"https:\/\/www.techbarcelona.com\/ca\/#organization"},"image":{"@id":"https:\/\/www.techbarcelona.com\/ca\/ana-maiques-com-a-emprenedor-no-perdis-mai-de-vista-per-que-vas-iniciar-una-companyia\/#primaryimage"},"thumbnailUrl":"https:\/\/www.techbarcelona.com\/wp-content\/uploads\/NEUROELECTRICS.jpg","inLanguage":"ca"},{"@type":"WebPage","@id":"https:\/\/www.techbarcelona.com\/ca\/ana-maiques-com-a-emprenedor-no-perdis-mai-de-vista-per-que-vas-iniciar-una-companyia\/","url":"https:\/\/www.techbarcelona.com\/ca\/ana-maiques-com-a-emprenedor-no-perdis-mai-de-vista-per-que-vas-iniciar-una-companyia\/","name":"Ana Maiques: Com a emprenedor, no perdis mai de vista per qu\u00e8 vas iniciar una companyia - Tech Barcelona","isPartOf":{"@id":"https:\/\/www.techbarcelona.com\/ca\/#website"},"primaryImageOfPage":{"@id":"https:\/\/www.techbarcelona.com\/ca\/ana-maiques-com-a-emprenedor-no-perdis-mai-de-vista-per-que-vas-iniciar-una-companyia\/#primaryimage"},"image":{"@id":"https:\/\/www.techbarcelona.com\/ca\/ana-maiques-com-a-emprenedor-no-perdis-mai-de-vista-per-que-vas-iniciar-una-companyia\/#primaryimage"},"thumbnailUrl":"https:\/\/www.techbarcelona.com\/wp-content\/uploads\/NEUROELECTRICS.jpg","datePublished":"2019-01-14T23:00:00+00:00","breadcrumb":{"@id":"https:\/\/www.techbarcelona.com\/ca\/ana-maiques-com-a-emprenedor-no-perdis-mai-de-vista-per-que-vas-iniciar-una-companyia\/#breadcrumb"},"inLanguage":"ca","potentialAction":[{"@type":"ReadAction","target":["https:\/\/www.techbarcelona.com\/ca\/ana-maiques-com-a-emprenedor-no-perdis-mai-de-vista-per-que-vas-iniciar-una-companyia\/"]}]},{"@type":"ImageObject","inLanguage":"ca","@id":"https:\/\/www.techbarcelona.com\/ca\/ana-maiques-com-a-emprenedor-no-perdis-mai-de-vista-per-que-vas-iniciar-una-companyia\/#primaryimage","url":"https:\/\/www.techbarcelona.com\/wp-content\/uploads\/NEUROELECTRICS.jpg","contentUrl":"https:\/\/www.techbarcelona.com\/wp-content\/uploads\/NEUROELECTRICS.jpg","width":1920,"height":1080},{"@type":"BreadcrumbList","@id":"https:\/\/www.techbarcelona.com\/ca\/ana-maiques-com-a-emprenedor-no-perdis-mai-de-vista-per-que-vas-iniciar-una-companyia\/#breadcrumb","itemListElement":[{"@type":"ListItem","position":1,"name":"Portada","item":"https:\/\/www.techbarcelona.com\/ca\/"},{"@type":"ListItem","position":2,"name":"Ana Maiques: Com a emprenedor, no perdis mai de vista per qu\u00e8 vas iniciar una companyia"}]},{"@type":"WebSite","@id":"https:\/\/www.techbarcelona.com\/ca\/#website","url":"https:\/\/www.techbarcelona.com\/ca\/","name":"Tech Barcelona","description":"","publisher":{"@id":"https:\/\/www.techbarcelona.com\/ca\/#organization"},"potentialAction":[{"@type":"SearchAction","target":{"@type":"EntryPoint","urlTemplate":"https:\/\/www.techbarcelona.com\/ca\/?s={search_term_string}"},"query-input":{"@type":"PropertyValueSpecification","valueRequired":true,"valueName":"search_term_string"}}],"inLanguage":"ca"},{"@type":"Organization","@id":"https:\/\/www.techbarcelona.com\/ca\/#organization","name":"Tech Barcelona","url":"https:\/\/www.techbarcelona.com\/ca\/","logo":{"@type":"ImageObject","inLanguage":"ca","@id":"https:\/\/www.techbarcelona.com\/ca\/#\/schema\/logo\/image\/","url":"https:\/\/www.techbarcelona.com\/wp-content\/uploads\/logo-tech-bcn-black.png","contentUrl":"https:\/\/www.techbarcelona.com\/wp-content\/uploads\/logo-tech-bcn-black.png","width":347,"height":90,"caption":"Tech Barcelona"},"image":{"@id":"https:\/\/www.techbarcelona.com\/ca\/#\/schema\/logo\/image\/"},"sameAs":["https:\/\/www.facebook.com\/BarcelonaTechCity","https:\/\/x.com\/bcntechcity","https:\/\/www.instagram.com\/bcntechcity\/","https:\/\/www.linkedin.com\/company\/barcelona-tech-city\/","https:\/\/www.youtube.com\/channel\/UCKX-ZX0pM37GRtVNKgr4Rxg"]},{"@type":"Person","@id":"https:\/\/www.techbarcelona.com\/ca\/#\/schema\/person\/cd066d6149f05167faee07c5eeb6052a","name":"wearefirma dev","image":{"@type":"ImageObject","inLanguage":"ca","@id":"https:\/\/secure.gravatar.com\/avatar\/ab2535b1fd4758a82464db417fc5c2cfb853d513b4e2900d8bbd5a4639ffa252?s=96&d=mm&r=g","url":"https:\/\/secure.gravatar.com\/avatar\/ab2535b1fd4758a82464db417fc5c2cfb853d513b4e2900d8bbd5a4639ffa252?s=96&d=mm&r=g","contentUrl":"https:\/\/secure.gravatar.com\/avatar\/ab2535b1fd4758a82464db417fc5c2cfb853d513b4e2900d8bbd5a4639ffa252?s=96&d=mm&r=g","caption":"wearefirma dev"},"sameAs":["https:\/\/holarafa.com"]}]}},"_links":{"self":[{"href":"https:\/\/www.techbarcelona.com\/ca\/wp-json\/wp\/v2\/posts\/20693","targetHints":{"allow":["GET"]}}],"collection":[{"href":"https:\/\/www.techbarcelona.com\/ca\/wp-json\/wp\/v2\/posts"}],"about":[{"href":"https:\/\/www.techbarcelona.com\/ca\/wp-json\/wp\/v2\/types\/post"}],"author":[{"embeddable":true,"href":"https:\/\/www.techbarcelona.com\/ca\/wp-json\/wp\/v2\/users\/1"}],"replies":[{"embeddable":true,"href":"https:\/\/www.techbarcelona.com\/ca\/wp-json\/wp\/v2\/comments?post=20693"}],"version-history":[{"count":0,"href":"https:\/\/www.techbarcelona.com\/ca\/wp-json\/wp\/v2\/posts\/20693\/revisions"}],"wp:featuredmedia":[{"embeddable":true,"href":"https:\/\/www.techbarcelona.com\/ca\/wp-json\/wp\/v2\/media\/19934"}],"wp:attachment":[{"href":"https:\/\/www.techbarcelona.com\/ca\/wp-json\/wp\/v2\/media?parent=20693"}],"wp:term":[{"taxonomy":"category","embeddable":true,"href":"https:\/\/www.techbarcelona.com\/ca\/wp-json\/wp\/v2\/categories?post=20693"},{"taxonomy":"post_tag","embeddable":true,"href":"https:\/\/www.techbarcelona.com\/ca\/wp-json\/wp\/v2\/tags?post=20693"}],"curies":[{"name":"wp","href":"https:\/\/api.w.org\/{rel}","templated":true}]}}