{"id":20704,"date":"2019-04-29T00:00:00","date_gmt":"2019-04-28T22:00:00","guid":{"rendered":"https:\/\/techbcndev.wearefirma.com\/bcntech4women-avanca-en-la-seva-aposta-per-lequitat-de-genere-en-el-mon-tecnologic\/"},"modified":"2019-04-29T00:00:00","modified_gmt":"2019-04-28T22:00:00","slug":"bcntech4women-avanca-en-la-seva-aposta-per-lequitat-de-genere-en-el-mon-tecnologic","status":"publish","type":"post","link":"https:\/\/www.techbarcelona.com\/ca\/bcntech4women-avanca-en-la-seva-aposta-per-lequitat-de-genere-en-el-mon-tecnologic\/","title":{"rendered":"#BcnTech4Women avan\u00e7a en la seva aposta per l&#8217;equitat de g\u00e8nere en el m\u00f3n tecnol\u00f2gic"},"content":{"rendered":"<p>#BcnTech4Women \u00e9s el projecte de Barcelona Tech City, liderat per<strong> Mamen Mart\u00ed<\/strong> i promogut per <strong>Helena Torras<\/strong>, emprenedora i membre de la Junta Directiva de l&#8217;Associaci\u00f3. T\u00e9 com a objectiu promoure i donar visibilitat a la dona dins del sector tecnol\u00f2gic. Pier01 va ser l&#8217;escenari escollit per a la realitzaci\u00f3 del Kick Off #BcnTech4Women, la primera reuni\u00f3 del grup de treball implicat en la causa.<\/p>\n<p>En la presentaci\u00f3 de l&#8217;esdeveniment, <strong>Miquel Mart\u00ed<\/strong>, CEO de Barcelona Tech City, va posar \u00e8mfasi en el comprom\u00eds de l&#8217;Associaci\u00f3 quan la igualtat de g\u00e8nere en el sector tecnol\u00f2gic. Aix\u00ed mateix, Helena Torras, membre de la Junta Directiva de Barcelona Tech City, va apel\u00b7lar al fet que tenim tot el que ens fa falta perqu\u00e8 Barcelona sigui un referent en aquest \u00e0mbit.<\/p>\n<p>Durant el desenvolupament de la taula redona, moderada per <strong>Ricard Garriga<\/strong>, CEO de Trioteca, tres dones de refer\u00e8ncia en el sector tecnol\u00f2gic van compartir hist\u00f2ries i aprenentatges del seu passat, present i futur. Elles van ser <strong>Eva Mart\u00edn<\/strong>, cofundadora i CEO de <a href=\"https:\/\/www.tiendeo.com\/Barcelona\">Tiendeo<\/a>; <strong>Pilar Conesa<\/strong>, fundadora i CEO d&#8217;<a href=\"https:\/\/www.anteverti.com\/en\/\">Anteverti<\/a>; i <strong>Muriel Bourgois<\/strong>, cofundadora i CEO de <a href=\"https:\/\/micuento.com\">micuento.com<\/a>.<\/p>\n<p>Les tres s\u00f3n dones que no s&#8217;han conformat amb seguir per camins tradicionals i han decidit fer un pas per a posar el seu talent al servei de les seues inquietuds. En definitiva, s\u00f3n tres dones emprenedores que s&#8217;han atrevit.<\/p>\n<p><strong>LES VOLTES QUE D\u00d3NA LA VIDA<\/strong><\/p>\n<p><strong>Eva Mart\u00edn &#8211; cofundadora i CEO de Tiendeo<\/strong><\/p>\n<p>Enginyer industrial, va treballar 7 anys en Nestl\u00e9, empresa en la qual va ocupar diferents c\u00e0rrecs de responsabilitat, abans de crear Tiendeo en 2011, al costat de la seua germana bessona Mar\u00eda i Jonathan Lemberger, company d&#8217;universitat d&#8217;ambdues.<\/p>\n<p><strong>Pilar Conesa &#8211; fundadora i CEO d&#8217;Anteverti<\/strong><\/p>\n<p>Ha treballat m\u00e9s de 25 anys en posicions d&#8217;adre\u00e7a en empreses del sector TIC i organismes p\u00fablics. Va renunciar a l&#8217;estabilitat d&#8217;un treball tradicional per a emprendre. \u00c9s pionera en l&#8217;impuls de les Smart Cities i la transformaci\u00f3 digital, passions que s&#8217;han convertit en Anteverti, empresa de la qual \u00e9s fundadora i CEO.<\/p>\n<p><strong>Muriel Bourgeois- cofundadora i CEO de micuento.com<\/strong><\/p>\n<p>Llicenciada en Humanitats especialitzada en educaci\u00f3 i pedagogia, amb una \u00e0mplia experi\u00e8ncia en projectes educatius. A m\u00e9s, es reconeix una apassionada explicadora de contes. D&#8217;aquestes passions va n\u00e9ixer micuento.com, una startup que ha revolucionat el sector editorial: personalitzar els contes perqu\u00e8 cada nen sigui el protagonista. La connexi\u00f3 de l&#8217;infant i el conte \u00e9s molt potent i aconsegueix augmentar tant l&#8217;inter\u00e8s per la lectura com l&#8217;aprenentatge.<\/p>\n<p>Les tres coincideixen que emprendre no \u00e9s un cam\u00ed que ning\u00fa t&#8217;ensenya. \u00c9s quelcom que es construeix dia a dia, no defallint, cometent errors, adaptant-se i aprenent molt i r\u00e0pid.<\/p>\n<p><img loading=\"lazy\" decoding=\"async\" class=\"alignnone size-large wp-image-14258\" src=\"https:\/\/www.techbarcelona.com\/wp-content\/uploads\/IMG_1028-scaled.jpg\" alt=\"\" width=\"1024\" height=\"768\" \/><\/p>\n<p><strong>ELS REPTES DELS INICIS<\/strong><\/p>\n<p>Segons Eva Mart\u00edn, emprendre va ser el resultat d&#8217;un llarg proc\u00e9s de desencantament amb la vida corporativa, d&#8217;alinear-se cada vegada m\u00e9s amb la seua afinitat amb els reptes. El moment m\u00e9s complicat per a ella va ser en el qual es va adonar que la seva empresa havia deixat de ser una fam\u00edlia i que els empleats la veien com a &#8220;la jefa&#8221;. Aquesta desconnexi\u00f3 amb la seva pr\u00f2pia gent, fruit del creixement de l&#8217;equip, \u00e9s el que m\u00e9s li va costar assumir.<\/p>\n<p>Pilar Conesa afirma que el repte \u00e9s prendre decisions i no sentir vertigen davant les oportunitats. Cal ser valent i guiar-se per la visi\u00f3 personal. Cal atrevir-se a fer el canvi i aprofitar les experi\u00e8ncies i aprenentatges que apareixen pel cam\u00ed.<\/p>\n<p>D&#8217;acord amb Muriel Bourgeois, el gran desafiament ha sigut acceptar que no sabia moltes coses sobre com engegar la idea que volia per a la seva empresa, aprendre sobre la marxa i no desanimar-se. La part m\u00e9s dura va ser la &#8220;travessia en el desert&#8221; per aconseguir les primeres inversions.<\/p>\n<p><strong>ELS REPTES DEL FUTUR<\/strong><\/p>\n<p>Segons Mart\u00edn, un gran el repte est\u00e0 en el talent: detectar-ho i retenir-ho. Un altre repte \u00e9s cr\u00e9ixer en la part comercial. I quant al protagonisme de la dona en el sector tecnol\u00f2gic: &#8220;l tema \u00e9s que les dones no tenen en compte la possibilitat de ser programadores o enginyeres a l&#8217;hora de triar el seu futur&#8230; que almenys ho valorin&#8230; que sigui m\u00e9s visible aquesta professi\u00f3, que s&#8217;assabentin que es paga molt i es decideixin a fer-ho&#8221;.<\/p>\n<p>Conesa est\u00e0 d&#8217;acord en qu\u00e8 hi ha poques dones estudiant carreres t\u00e8cniques i proposa idees originals com &#8220;aconseguir que en les s\u00e8ries de televisi\u00f3 s&#8217;incorporin dones t\u00e8cniques en rols en els quals ara solament apareixen homes, que socialment es percebi com alguna cosa normal&#8221;. Cosa que ajudaria, diu, al fet que les nenes tinguessin referents de dones amb rols t\u00e8cnics en els quals fixar-se.<\/p>\n<p>Bourgeois creu que el seu desafiament \u00e9s seguir revolucionant el sector editorial mentre segueixen sent un negoci social d&#8217;impuls a la inf\u00e0ncia. Ens imaginem en un futur com una plataforma referent per fer que qualsevol persona del m\u00f3n s&#8217;enamori de la lectura i els contes en qualsevol format. &#8220;Si ara som un veler carregat de contes el gran desafiament \u00e9s convertir-nos en nau espacial&#8221;.<\/p>\n<p><strong>MIRANT ENRERE, QUIN CONSELL LI DONARIES Al TEU JO AMB 18 ANYS?<\/strong><\/p>\n<p>Mart\u00edn intentaria deixar de costat la timidesa, ja que creu que va perdre moltes oportunitats per ser incapa\u00e7 de parlar amb gent que no coneixia quan assistia a esdeveniments. Hi ha qualitats d&#8217;un que cal tenir clar que no sumen quan tens un projecte propi.<\/p>\n<p>Conesa, per la seva banda, es repetiria &#8220;you can do it&#8221; i ho transmetria sense descans a totes les dones joves que volen dur a terme els seus projectes. Creure en una mateixa.<\/p>\n<p>Bourgeois afirma que &#8220;si et submergeixes al m\u00f3n de l&#8217;emprenedor, en un moment o un altre ho vas a passar malament&#8221; per\u00f2 convida a perdre la por per poder aprendre i despr\u00e9s desenvolupar bones idees i projectes.<\/p>\n<p><img loading=\"lazy\" decoding=\"async\" class=\"alignnone size-large wp-image-14252\" src=\"https:\/\/www.techbarcelona.com\/wp-content\/uploads\/IMG_1059-scaled.jpg\" alt=\"\" width=\"1024\" height=\"768\" \/><\/p>\n<p><strong>WORKSHOP: DEFININT OBJECTIUS<\/strong><\/p>\n<p>En la segona part de la jornada es va dur a terme el workshop &#8220;#BcnTech4Women: treballant des de l&#8217;ecosistema&#8221;, liderat per Natalia Olson-Urtecho, cofundadora i CIO de The Disruptive Factory. La idea era treballar de forma col\u00b7laborativa, escoltar les veus dels participants i consensuar les l\u00ednies de treball i accions per a l&#8217;any. L@s assistents van reafirmar el seu comprom\u00eds a tenir un rol actiu per aconseguir resultats. Les prioritats que es van definir van ser:<\/p>\n<p><strong>\u00a0 \u00a0 \u00a01. Millorar la visibilitat de dones en les diferents posicions de tot l&#8217;espectre Tech<\/strong><br \/>\nSolament el 15% de les posicions en el sector de tecnologia estan ocupades per dones. A Espanya, hem passat del 30% de matr\u00edcules en Inform\u00e0tica en els anys 1985-1987 a un esc\u00e0s 12% en el curs 2016-2017. Aquestes dades i molts uns altres que recolzen l&#8217;escassa pres\u00e8ncia de dones, s\u00f3n la base perqu\u00e8 un dels nostres objectius sigui visibilitzar aquelles dones que treballen en el sector, no solament directives sin\u00f3 en qualsevol posici\u00f3. Est va ser un punt d&#8217;acord general entre l@s assistents. \u00c9s necessari identificar i fer visibles models de dones en el sector que atreguin a altres dones.<\/p>\n<p><strong>\u00a0 \u00a0 \u00a02. Acompanyar a les dones en el sector (mentoring)<\/strong><br \/>\nSent un sector bastant mascul\u00ed, els assistents van estar d&#8217;acord que una altra prioritat hauria de ser el poder prestar suport a les dones que volen desenvolupar una carrera en el sector. Mentores i mentors del sector per al sector. Aquest punt t\u00e9 una segona pota, que \u00e9s incrementar el nombre de dones que emprenen en tecnologia, siguin o no tecn\u00f2logues.<\/p>\n<p><strong>\u00a0 \u00a0 \u00a03. Augmentar la visibilitat de resultats concrets<\/strong><br \/>\nTenir dades, monitoritzar i donar visibilitat als resultats \u00e9s clau per entendre com avancem i aflorar aquelles \u00e0rees en les quals fer incid\u00e8ncia.<\/p>\n<p>Amb aquests tres eixos de treball consensuats entre els participants, #BcnTech4Women s&#8217;engega amb un grup de treball entusiasta i comprom\u00e8s a aconseguir que hi hagi m\u00e9s dones treballant a Barcelona en els sectors tech i digital.<\/p>\n<p>&#8220;Ara necessitem prendre les experi\u00e8ncies i el talent de moltes m\u00e9s dones i crear un entorn en el qual puguin tenir \u00e8xit, avui volem posar aquestes escales d&#8217;oportunitats&#8221;, va afirmar Natalia Olson-Urtecho.<\/p>\n","protected":false},"excerpt":{"rendered":"<p>#BcnTech4Women \u00e9s el projecte de Barcelona Tech City, liderat per Mamen Mart\u00ed i promogut per Helena Torras, emprenedora i membre de la Junta Directiva de l&#8217;Associaci\u00f3. T\u00e9 com a objectiu promoure i donar visibilitat a la dona dins del sector tecnol\u00f2gic. Pier01 va ser l&#8217;escenari escollit per a la realitzaci\u00f3 [&hellip;]<\/p>\n","protected":false},"author":1,"featured_media":20034,"comment_status":"closed","ping_status":"closed","sticky":false,"template":"","format":"standard","meta":{"_acf_changed":false,"_mo_disable_npp":"","footnotes":""},"categories":[],"tags":[],"class_list":["post-20704","post","type-post","status-publish","format-standard","has-post-thumbnail","hentry"],"acf":[],"yoast_head":"<!-- This site is optimized with the Yoast SEO plugin v27.5 - https:\/\/yoast.com\/product\/yoast-seo-wordpress\/ -->\n<title>#BcnTech4Women avan\u00e7a en la seva aposta per l&#039;equitat de g\u00e8nere en el m\u00f3n tecnol\u00f2gic - Tech Barcelona<\/title>\n<meta name=\"robots\" content=\"index, follow, max-snippet:-1, max-image-preview:large, max-video-preview:-1\" \/>\n<link rel=\"canonical\" href=\"https:\/\/www.techbarcelona.com\/ca\/bcntech4women-avanca-en-la-seva-aposta-per-lequitat-de-genere-en-el-mon-tecnologic\/\" \/>\n<meta property=\"og:locale\" content=\"ca_ES\" \/>\n<meta property=\"og:type\" content=\"article\" \/>\n<meta property=\"og:title\" content=\"#BcnTech4Women avan\u00e7a en la seva aposta per l&#039;equitat de g\u00e8nere en el m\u00f3n tecnol\u00f2gic - Tech Barcelona\" \/>\n<meta property=\"og:description\" content=\"#BcnTech4Women \u00e9s el projecte de Barcelona Tech City, liderat per Mamen Mart\u00ed i promogut per Helena Torras, emprenedora i membre de la Junta Directiva de l&#8217;Associaci\u00f3. T\u00e9 com a objectiu promoure i donar visibilitat a la dona dins del sector tecnol\u00f2gic. Pier01 va ser l&#8217;escenari escollit per a la realitzaci\u00f3 [&hellip;]\" \/>\n<meta property=\"og:url\" content=\"https:\/\/www.techbarcelona.com\/ca\/bcntech4women-avanca-en-la-seva-aposta-per-lequitat-de-genere-en-el-mon-tecnologic\/\" \/>\n<meta property=\"og:site_name\" content=\"Tech Barcelona\" \/>\n<meta property=\"article:publisher\" content=\"https:\/\/www.facebook.com\/BarcelonaTechCity\" \/>\n<meta property=\"article:published_time\" content=\"2019-04-28T22:00:00+00:00\" \/>\n<meta property=\"og:image\" content=\"https:\/\/www.techbarcelona.com\/wp-content\/uploads\/IMG_0997-scaled.jpg\" \/>\n\t<meta property=\"og:image:width\" content=\"2560\" \/>\n\t<meta property=\"og:image:height\" content=\"1920\" \/>\n\t<meta property=\"og:image:type\" content=\"image\/jpeg\" \/>\n<meta name=\"author\" content=\"wearefirma dev\" \/>\n<meta name=\"twitter:card\" content=\"summary_large_image\" \/>\n<meta name=\"twitter:creator\" content=\"@bcntechcity\" \/>\n<meta name=\"twitter:site\" content=\"@bcntechcity\" \/>\n<meta name=\"twitter:label1\" content=\"Escrit per\" \/>\n\t<meta name=\"twitter:data1\" content=\"wearefirma dev\" \/>\n\t<meta name=\"twitter:label2\" content=\"Temps estimat de lectura\" \/>\n\t<meta name=\"twitter:data2\" content=\"7 minuts\" \/>\n<script type=\"application\/ld+json\" class=\"yoast-schema-graph\">{\"@context\":\"https:\\\/\\\/schema.org\",\"@graph\":[{\"@type\":\"Article\",\"@id\":\"https:\\\/\\\/www.techbarcelona.com\\\/ca\\\/bcntech4women-avanca-en-la-seva-aposta-per-lequitat-de-genere-en-el-mon-tecnologic\\\/#article\",\"isPartOf\":{\"@id\":\"https:\\\/\\\/www.techbarcelona.com\\\/ca\\\/bcntech4women-avanca-en-la-seva-aposta-per-lequitat-de-genere-en-el-mon-tecnologic\\\/\"},\"author\":{\"name\":\"wearefirma dev\",\"@id\":\"https:\\\/\\\/www.techbarcelona.com\\\/ca\\\/#\\\/schema\\\/person\\\/cd066d6149f05167faee07c5eeb6052a\"},\"headline\":\"#BcnTech4Women avan\u00e7a en la seva aposta per l&#8217;equitat de g\u00e8nere en el m\u00f3n tecnol\u00f2gic\",\"datePublished\":\"2019-04-28T22:00:00+00:00\",\"mainEntityOfPage\":{\"@id\":\"https:\\\/\\\/www.techbarcelona.com\\\/ca\\\/bcntech4women-avanca-en-la-seva-aposta-per-lequitat-de-genere-en-el-mon-tecnologic\\\/\"},\"wordCount\":1433,\"publisher\":{\"@id\":\"https:\\\/\\\/www.techbarcelona.com\\\/ca\\\/#organization\"},\"image\":{\"@id\":\"https:\\\/\\\/www.techbarcelona.com\\\/ca\\\/bcntech4women-avanca-en-la-seva-aposta-per-lequitat-de-genere-en-el-mon-tecnologic\\\/#primaryimage\"},\"thumbnailUrl\":\"https:\\\/\\\/www.techbarcelona.com\\\/wp-content\\\/uploads\\\/IMG_0997-scaled.jpg\",\"inLanguage\":\"ca\"},{\"@type\":\"WebPage\",\"@id\":\"https:\\\/\\\/www.techbarcelona.com\\\/ca\\\/bcntech4women-avanca-en-la-seva-aposta-per-lequitat-de-genere-en-el-mon-tecnologic\\\/\",\"url\":\"https:\\\/\\\/www.techbarcelona.com\\\/ca\\\/bcntech4women-avanca-en-la-seva-aposta-per-lequitat-de-genere-en-el-mon-tecnologic\\\/\",\"name\":\"#BcnTech4Women avan\u00e7a en la seva aposta per l'equitat de g\u00e8nere en el m\u00f3n tecnol\u00f2gic - Tech Barcelona\",\"isPartOf\":{\"@id\":\"https:\\\/\\\/www.techbarcelona.com\\\/ca\\\/#website\"},\"primaryImageOfPage\":{\"@id\":\"https:\\\/\\\/www.techbarcelona.com\\\/ca\\\/bcntech4women-avanca-en-la-seva-aposta-per-lequitat-de-genere-en-el-mon-tecnologic\\\/#primaryimage\"},\"image\":{\"@id\":\"https:\\\/\\\/www.techbarcelona.com\\\/ca\\\/bcntech4women-avanca-en-la-seva-aposta-per-lequitat-de-genere-en-el-mon-tecnologic\\\/#primaryimage\"},\"thumbnailUrl\":\"https:\\\/\\\/www.techbarcelona.com\\\/wp-content\\\/uploads\\\/IMG_0997-scaled.jpg\",\"datePublished\":\"2019-04-28T22:00:00+00:00\",\"breadcrumb\":{\"@id\":\"https:\\\/\\\/www.techbarcelona.com\\\/ca\\\/bcntech4women-avanca-en-la-seva-aposta-per-lequitat-de-genere-en-el-mon-tecnologic\\\/#breadcrumb\"},\"inLanguage\":\"ca\",\"potentialAction\":[{\"@type\":\"ReadAction\",\"target\":[\"https:\\\/\\\/www.techbarcelona.com\\\/ca\\\/bcntech4women-avanca-en-la-seva-aposta-per-lequitat-de-genere-en-el-mon-tecnologic\\\/\"]}]},{\"@type\":\"ImageObject\",\"inLanguage\":\"ca\",\"@id\":\"https:\\\/\\\/www.techbarcelona.com\\\/ca\\\/bcntech4women-avanca-en-la-seva-aposta-per-lequitat-de-genere-en-el-mon-tecnologic\\\/#primaryimage\",\"url\":\"https:\\\/\\\/www.techbarcelona.com\\\/wp-content\\\/uploads\\\/IMG_0997-scaled.jpg\",\"contentUrl\":\"https:\\\/\\\/www.techbarcelona.com\\\/wp-content\\\/uploads\\\/IMG_0997-scaled.jpg\",\"width\":2560,\"height\":1920},{\"@type\":\"BreadcrumbList\",\"@id\":\"https:\\\/\\\/www.techbarcelona.com\\\/ca\\\/bcntech4women-avanca-en-la-seva-aposta-per-lequitat-de-genere-en-el-mon-tecnologic\\\/#breadcrumb\",\"itemListElement\":[{\"@type\":\"ListItem\",\"position\":1,\"name\":\"Portada\",\"item\":\"https:\\\/\\\/www.techbarcelona.com\\\/ca\\\/\"},{\"@type\":\"ListItem\",\"position\":2,\"name\":\"#BcnTech4Women avan\u00e7a en la seva aposta per l&#8217;equitat de g\u00e8nere en el m\u00f3n tecnol\u00f2gic\"}]},{\"@type\":\"WebSite\",\"@id\":\"https:\\\/\\\/www.techbarcelona.com\\\/ca\\\/#website\",\"url\":\"https:\\\/\\\/www.techbarcelona.com\\\/ca\\\/\",\"name\":\"Tech Barcelona\",\"description\":\"\",\"publisher\":{\"@id\":\"https:\\\/\\\/www.techbarcelona.com\\\/ca\\\/#organization\"},\"potentialAction\":[{\"@type\":\"SearchAction\",\"target\":{\"@type\":\"EntryPoint\",\"urlTemplate\":\"https:\\\/\\\/www.techbarcelona.com\\\/ca\\\/?s={search_term_string}\"},\"query-input\":{\"@type\":\"PropertyValueSpecification\",\"valueRequired\":true,\"valueName\":\"search_term_string\"}}],\"inLanguage\":\"ca\"},{\"@type\":\"Organization\",\"@id\":\"https:\\\/\\\/www.techbarcelona.com\\\/ca\\\/#organization\",\"name\":\"Tech Barcelona\",\"url\":\"https:\\\/\\\/www.techbarcelona.com\\\/ca\\\/\",\"logo\":{\"@type\":\"ImageObject\",\"inLanguage\":\"ca\",\"@id\":\"https:\\\/\\\/www.techbarcelona.com\\\/ca\\\/#\\\/schema\\\/logo\\\/image\\\/\",\"url\":\"https:\\\/\\\/www.techbarcelona.com\\\/wp-content\\\/uploads\\\/logo-tech-bcn-black.png\",\"contentUrl\":\"https:\\\/\\\/www.techbarcelona.com\\\/wp-content\\\/uploads\\\/logo-tech-bcn-black.png\",\"width\":347,\"height\":90,\"caption\":\"Tech Barcelona\"},\"image\":{\"@id\":\"https:\\\/\\\/www.techbarcelona.com\\\/ca\\\/#\\\/schema\\\/logo\\\/image\\\/\"},\"sameAs\":[\"https:\\\/\\\/www.facebook.com\\\/BarcelonaTechCity\",\"https:\\\/\\\/x.com\\\/bcntechcity\",\"https:\\\/\\\/www.instagram.com\\\/bcntechcity\\\/\",\"https:\\\/\\\/www.linkedin.com\\\/company\\\/barcelona-tech-city\\\/\",\"https:\\\/\\\/www.youtube.com\\\/channel\\\/UCKX-ZX0pM37GRtVNKgr4Rxg\"]},{\"@type\":\"Person\",\"@id\":\"https:\\\/\\\/www.techbarcelona.com\\\/ca\\\/#\\\/schema\\\/person\\\/cd066d6149f05167faee07c5eeb6052a\",\"name\":\"wearefirma dev\",\"image\":{\"@type\":\"ImageObject\",\"inLanguage\":\"ca\",\"@id\":\"https:\\\/\\\/secure.gravatar.com\\\/avatar\\\/ab2535b1fd4758a82464db417fc5c2cfb853d513b4e2900d8bbd5a4639ffa252?s=96&d=mm&r=g\",\"url\":\"https:\\\/\\\/secure.gravatar.com\\\/avatar\\\/ab2535b1fd4758a82464db417fc5c2cfb853d513b4e2900d8bbd5a4639ffa252?s=96&d=mm&r=g\",\"contentUrl\":\"https:\\\/\\\/secure.gravatar.com\\\/avatar\\\/ab2535b1fd4758a82464db417fc5c2cfb853d513b4e2900d8bbd5a4639ffa252?s=96&d=mm&r=g\",\"caption\":\"wearefirma dev\"},\"sameAs\":[\"https:\\\/\\\/holarafa.com\"]}]}<\/script>\n<!-- \/ Yoast SEO plugin. -->","yoast_head_json":{"title":"#BcnTech4Women avan\u00e7a en la seva aposta per l'equitat de g\u00e8nere en el m\u00f3n tecnol\u00f2gic - Tech Barcelona","robots":{"index":"index","follow":"follow","max-snippet":"max-snippet:-1","max-image-preview":"max-image-preview:large","max-video-preview":"max-video-preview:-1"},"canonical":"https:\/\/www.techbarcelona.com\/ca\/bcntech4women-avanca-en-la-seva-aposta-per-lequitat-de-genere-en-el-mon-tecnologic\/","og_locale":"ca_ES","og_type":"article","og_title":"#BcnTech4Women avan\u00e7a en la seva aposta per l'equitat de g\u00e8nere en el m\u00f3n tecnol\u00f2gic - Tech Barcelona","og_description":"#BcnTech4Women \u00e9s el projecte de Barcelona Tech City, liderat per Mamen Mart\u00ed i promogut per Helena Torras, emprenedora i membre de la Junta Directiva de l&#8217;Associaci\u00f3. T\u00e9 com a objectiu promoure i donar visibilitat a la dona dins del sector tecnol\u00f2gic. Pier01 va ser l&#8217;escenari escollit per a la realitzaci\u00f3 [&hellip;]","og_url":"https:\/\/www.techbarcelona.com\/ca\/bcntech4women-avanca-en-la-seva-aposta-per-lequitat-de-genere-en-el-mon-tecnologic\/","og_site_name":"Tech Barcelona","article_publisher":"https:\/\/www.facebook.com\/BarcelonaTechCity","article_published_time":"2019-04-28T22:00:00+00:00","og_image":[{"width":2560,"height":1920,"url":"https:\/\/www.techbarcelona.com\/wp-content\/uploads\/IMG_0997-scaled.jpg","type":"image\/jpeg"}],"author":"wearefirma dev","twitter_card":"summary_large_image","twitter_creator":"@bcntechcity","twitter_site":"@bcntechcity","twitter_misc":{"Escrit per":"wearefirma dev","Temps estimat de lectura":"7 minuts"},"schema":{"@context":"https:\/\/schema.org","@graph":[{"@type":"Article","@id":"https:\/\/www.techbarcelona.com\/ca\/bcntech4women-avanca-en-la-seva-aposta-per-lequitat-de-genere-en-el-mon-tecnologic\/#article","isPartOf":{"@id":"https:\/\/www.techbarcelona.com\/ca\/bcntech4women-avanca-en-la-seva-aposta-per-lequitat-de-genere-en-el-mon-tecnologic\/"},"author":{"name":"wearefirma dev","@id":"https:\/\/www.techbarcelona.com\/ca\/#\/schema\/person\/cd066d6149f05167faee07c5eeb6052a"},"headline":"#BcnTech4Women avan\u00e7a en la seva aposta per l&#8217;equitat de g\u00e8nere en el m\u00f3n tecnol\u00f2gic","datePublished":"2019-04-28T22:00:00+00:00","mainEntityOfPage":{"@id":"https:\/\/www.techbarcelona.com\/ca\/bcntech4women-avanca-en-la-seva-aposta-per-lequitat-de-genere-en-el-mon-tecnologic\/"},"wordCount":1433,"publisher":{"@id":"https:\/\/www.techbarcelona.com\/ca\/#organization"},"image":{"@id":"https:\/\/www.techbarcelona.com\/ca\/bcntech4women-avanca-en-la-seva-aposta-per-lequitat-de-genere-en-el-mon-tecnologic\/#primaryimage"},"thumbnailUrl":"https:\/\/www.techbarcelona.com\/wp-content\/uploads\/IMG_0997-scaled.jpg","inLanguage":"ca"},{"@type":"WebPage","@id":"https:\/\/www.techbarcelona.com\/ca\/bcntech4women-avanca-en-la-seva-aposta-per-lequitat-de-genere-en-el-mon-tecnologic\/","url":"https:\/\/www.techbarcelona.com\/ca\/bcntech4women-avanca-en-la-seva-aposta-per-lequitat-de-genere-en-el-mon-tecnologic\/","name":"#BcnTech4Women avan\u00e7a en la seva aposta per l'equitat de g\u00e8nere en el m\u00f3n tecnol\u00f2gic - Tech Barcelona","isPartOf":{"@id":"https:\/\/www.techbarcelona.com\/ca\/#website"},"primaryImageOfPage":{"@id":"https:\/\/www.techbarcelona.com\/ca\/bcntech4women-avanca-en-la-seva-aposta-per-lequitat-de-genere-en-el-mon-tecnologic\/#primaryimage"},"image":{"@id":"https:\/\/www.techbarcelona.com\/ca\/bcntech4women-avanca-en-la-seva-aposta-per-lequitat-de-genere-en-el-mon-tecnologic\/#primaryimage"},"thumbnailUrl":"https:\/\/www.techbarcelona.com\/wp-content\/uploads\/IMG_0997-scaled.jpg","datePublished":"2019-04-28T22:00:00+00:00","breadcrumb":{"@id":"https:\/\/www.techbarcelona.com\/ca\/bcntech4women-avanca-en-la-seva-aposta-per-lequitat-de-genere-en-el-mon-tecnologic\/#breadcrumb"},"inLanguage":"ca","potentialAction":[{"@type":"ReadAction","target":["https:\/\/www.techbarcelona.com\/ca\/bcntech4women-avanca-en-la-seva-aposta-per-lequitat-de-genere-en-el-mon-tecnologic\/"]}]},{"@type":"ImageObject","inLanguage":"ca","@id":"https:\/\/www.techbarcelona.com\/ca\/bcntech4women-avanca-en-la-seva-aposta-per-lequitat-de-genere-en-el-mon-tecnologic\/#primaryimage","url":"https:\/\/www.techbarcelona.com\/wp-content\/uploads\/IMG_0997-scaled.jpg","contentUrl":"https:\/\/www.techbarcelona.com\/wp-content\/uploads\/IMG_0997-scaled.jpg","width":2560,"height":1920},{"@type":"BreadcrumbList","@id":"https:\/\/www.techbarcelona.com\/ca\/bcntech4women-avanca-en-la-seva-aposta-per-lequitat-de-genere-en-el-mon-tecnologic\/#breadcrumb","itemListElement":[{"@type":"ListItem","position":1,"name":"Portada","item":"https:\/\/www.techbarcelona.com\/ca\/"},{"@type":"ListItem","position":2,"name":"#BcnTech4Women avan\u00e7a en la seva aposta per l&#8217;equitat de g\u00e8nere en el m\u00f3n tecnol\u00f2gic"}]},{"@type":"WebSite","@id":"https:\/\/www.techbarcelona.com\/ca\/#website","url":"https:\/\/www.techbarcelona.com\/ca\/","name":"Tech Barcelona","description":"","publisher":{"@id":"https:\/\/www.techbarcelona.com\/ca\/#organization"},"potentialAction":[{"@type":"SearchAction","target":{"@type":"EntryPoint","urlTemplate":"https:\/\/www.techbarcelona.com\/ca\/?s={search_term_string}"},"query-input":{"@type":"PropertyValueSpecification","valueRequired":true,"valueName":"search_term_string"}}],"inLanguage":"ca"},{"@type":"Organization","@id":"https:\/\/www.techbarcelona.com\/ca\/#organization","name":"Tech Barcelona","url":"https:\/\/www.techbarcelona.com\/ca\/","logo":{"@type":"ImageObject","inLanguage":"ca","@id":"https:\/\/www.techbarcelona.com\/ca\/#\/schema\/logo\/image\/","url":"https:\/\/www.techbarcelona.com\/wp-content\/uploads\/logo-tech-bcn-black.png","contentUrl":"https:\/\/www.techbarcelona.com\/wp-content\/uploads\/logo-tech-bcn-black.png","width":347,"height":90,"caption":"Tech Barcelona"},"image":{"@id":"https:\/\/www.techbarcelona.com\/ca\/#\/schema\/logo\/image\/"},"sameAs":["https:\/\/www.facebook.com\/BarcelonaTechCity","https:\/\/x.com\/bcntechcity","https:\/\/www.instagram.com\/bcntechcity\/","https:\/\/www.linkedin.com\/company\/barcelona-tech-city\/","https:\/\/www.youtube.com\/channel\/UCKX-ZX0pM37GRtVNKgr4Rxg"]},{"@type":"Person","@id":"https:\/\/www.techbarcelona.com\/ca\/#\/schema\/person\/cd066d6149f05167faee07c5eeb6052a","name":"wearefirma dev","image":{"@type":"ImageObject","inLanguage":"ca","@id":"https:\/\/secure.gravatar.com\/avatar\/ab2535b1fd4758a82464db417fc5c2cfb853d513b4e2900d8bbd5a4639ffa252?s=96&d=mm&r=g","url":"https:\/\/secure.gravatar.com\/avatar\/ab2535b1fd4758a82464db417fc5c2cfb853d513b4e2900d8bbd5a4639ffa252?s=96&d=mm&r=g","contentUrl":"https:\/\/secure.gravatar.com\/avatar\/ab2535b1fd4758a82464db417fc5c2cfb853d513b4e2900d8bbd5a4639ffa252?s=96&d=mm&r=g","caption":"wearefirma dev"},"sameAs":["https:\/\/holarafa.com"]}]}},"_links":{"self":[{"href":"https:\/\/www.techbarcelona.com\/ca\/wp-json\/wp\/v2\/posts\/20704","targetHints":{"allow":["GET"]}}],"collection":[{"href":"https:\/\/www.techbarcelona.com\/ca\/wp-json\/wp\/v2\/posts"}],"about":[{"href":"https:\/\/www.techbarcelona.com\/ca\/wp-json\/wp\/v2\/types\/post"}],"author":[{"embeddable":true,"href":"https:\/\/www.techbarcelona.com\/ca\/wp-json\/wp\/v2\/users\/1"}],"replies":[{"embeddable":true,"href":"https:\/\/www.techbarcelona.com\/ca\/wp-json\/wp\/v2\/comments?post=20704"}],"version-history":[{"count":0,"href":"https:\/\/www.techbarcelona.com\/ca\/wp-json\/wp\/v2\/posts\/20704\/revisions"}],"wp:featuredmedia":[{"embeddable":true,"href":"https:\/\/www.techbarcelona.com\/ca\/wp-json\/wp\/v2\/media\/20034"}],"wp:attachment":[{"href":"https:\/\/www.techbarcelona.com\/ca\/wp-json\/wp\/v2\/media?parent=20704"}],"wp:term":[{"taxonomy":"category","embeddable":true,"href":"https:\/\/www.techbarcelona.com\/ca\/wp-json\/wp\/v2\/categories?post=20704"},{"taxonomy":"post_tag","embeddable":true,"href":"https:\/\/www.techbarcelona.com\/ca\/wp-json\/wp\/v2\/tags?post=20704"}],"curies":[{"name":"wp","href":"https:\/\/api.w.org\/{rel}","templated":true}]}}