{"id":20729,"date":"2020-02-24T00:00:00","date_gmt":"2020-02-23T23:00:00","guid":{"rendered":"https:\/\/techbcndev.wearefirma.com\/visita-de-la-vicepresidenta-i-ministra-nadia-calvino-al-pier01-de-barcelona-tech-city\/"},"modified":"2020-02-24T00:00:00","modified_gmt":"2020-02-23T23:00:00","slug":"visita-de-la-vicepresidenta-i-ministra-nadia-calvino-al-pier01-de-barcelona-tech-city","status":"publish","type":"post","link":"https:\/\/www.techbarcelona.com\/ca\/visita-de-la-vicepresidenta-i-ministra-nadia-calvino-al-pier01-de-barcelona-tech-city\/","title":{"rendered":"Visita de la Vicepresidenta i Ministra Nadia Calvi\u00f1o al Pier01 de Barcelona Tech City"},"content":{"rendered":"<p>La Vicepresidenta\u00a0i Ministra d&#8217;Assumptes Econ\u00f2mics i Transformaci\u00f3 Digital d&#8217;Espanya,\u00a0<strong>Nadia Calvi\u00f1o<\/strong>\u00a0ha visitat el\u00a0#Pier01\u00a0de\u00a0<strong>Barcelona Tech City<\/strong>\u00a0en\u00a0la seva agenda de trobades a\u00a0Barcelona, que mostren el comprom\u00eds del Govern amb la ciutat com a centre de transformaci\u00f3 digital.<\/p>\n<p>&#8220;Estic molt satisfeta de poder mantenir la nostra agenda avui a Barcelona. \u00c9s una mostra del comprom\u00eds del Govern Espanyol amb Barcelona, tamb\u00e9 del comprom\u00eds amb el Mobile World Congress. \u00c9s un comprom\u00eds que oferim els 365 dies de l&#8217;any, no un dia o una setmana. He volgut mantenir en la mesura que sigui possible aquestes reunions i visites previstes i participar en les iniciatives que s&#8217;han posat en marxa en el\u00a0<strong>Tech Spirit Barcelona<\/strong>, entre les quals est\u00e0 la nostra visita a el\u00a0<strong>Pier01<\/strong>\u00a0de l&#8217;associaci\u00f3\u00a0<strong>Barcelona Tech City<\/strong>&#8220;, ha declarat la vicepresidenta ens els mitjans que han acudit a cobrir la visita.<\/p>\n<p><img loading=\"lazy\" decoding=\"async\" class=\" wp-image-22056 aligncenter\" src=\"https:\/\/www.techbarcelona.com\/wp-content\/uploads\/ERilyDgXYAASgFl.jpeg\" alt=\"\" width=\"760\" height=\"506\" \/><\/p>\n<p>El primer tinent d&#8217;alcaldia\u00a0Jaume Collboni en declaracions a mitjans ha destacat la r\u00e0pida reacci\u00f3 del m\u00f3n de l&#8217;ecosistema emprenedor i empresarial en la creaci\u00f3 del <strong>Tech Spirit Barcelona<\/strong> &#8220;per a connectar l&#8217;ecosistema digital de la ciutat amb possibles oportunitats de negoci i aliances internacionals&#8221;. La celebraci\u00f3 del Digital Future Society &#8221; \u00e9s una oportunitat per a aprofundir en l&#8217;humanisme tecnol\u00f2gic i en la construcci\u00f3 d&#8217;un futur digital m\u00e9s just i inclusiu&#8221;.<\/p>\n","protected":false},"excerpt":{"rendered":"<p>La Vicepresidenta\u00a0i Ministra d&#8217;Assumptes Econ\u00f2mics i Transformaci\u00f3 Digital d&#8217;Espanya,\u00a0Nadia Calvi\u00f1o\u00a0ha visitat el\u00a0#Pier01\u00a0de\u00a0Barcelona Tech City\u00a0en\u00a0la seva agenda de trobades a\u00a0Barcelona, que mostren el comprom\u00eds del Govern amb la ciutat com a centre de transformaci\u00f3 digital. &#8220;Estic molt satisfeta de poder mantenir la nostra agenda avui a Barcelona. \u00c9s una mostra del [&hellip;]<\/p>\n","protected":false},"author":1,"featured_media":20229,"comment_status":"closed","ping_status":"closed","sticky":false,"template":"","format":"standard","meta":{"_acf_changed":false,"_mo_disable_npp":"","footnotes":""},"categories":[],"tags":[],"class_list":["post-20729","post","type-post","status-publish","format-standard","has-post-thumbnail","hentry"],"acf":[],"yoast_head":"<!-- This site is optimized with the Yoast SEO plugin v27.5 - https:\/\/yoast.com\/product\/yoast-seo-wordpress\/ -->\n<title>Visita de la Vicepresidenta i Ministra Nadia Calvi\u00f1o al Pier01 de Barcelona Tech City - Tech Barcelona<\/title>\n<meta name=\"robots\" content=\"index, follow, max-snippet:-1, max-image-preview:large, max-video-preview:-1\" \/>\n<link rel=\"canonical\" href=\"https:\/\/www.techbarcelona.com\/ca\/visita-de-la-vicepresidenta-i-ministra-nadia-calvino-al-pier01-de-barcelona-tech-city\/\" \/>\n<meta property=\"og:locale\" content=\"ca_ES\" \/>\n<meta property=\"og:type\" content=\"article\" \/>\n<meta property=\"og:title\" content=\"Visita de la Vicepresidenta i Ministra Nadia Calvi\u00f1o al Pier01 de Barcelona Tech City - Tech Barcelona\" \/>\n<meta property=\"og:description\" content=\"La Vicepresidenta\u00a0i Ministra d&#8217;Assumptes Econ\u00f2mics i Transformaci\u00f3 Digital d&#8217;Espanya,\u00a0Nadia Calvi\u00f1o\u00a0ha visitat el\u00a0#Pier01\u00a0de\u00a0Barcelona Tech City\u00a0en\u00a0la seva agenda de trobades a\u00a0Barcelona, que mostren el comprom\u00eds del Govern amb la ciutat com a centre de transformaci\u00f3 digital. &#8220;Estic molt satisfeta de poder mantenir la nostra agenda avui a Barcelona. \u00c9s una mostra del [&hellip;]\" \/>\n<meta property=\"og:url\" content=\"https:\/\/www.techbarcelona.com\/ca\/visita-de-la-vicepresidenta-i-ministra-nadia-calvino-al-pier01-de-barcelona-tech-city\/\" \/>\n<meta property=\"og:site_name\" content=\"Tech Barcelona\" \/>\n<meta property=\"article:publisher\" content=\"https:\/\/www.facebook.com\/BarcelonaTechCity\" \/>\n<meta property=\"article:published_time\" content=\"2020-02-23T23:00:00+00:00\" \/>\n<meta property=\"og:image\" content=\"https:\/\/www.techbarcelona.com\/wp-content\/uploads\/ERi24erWoAQ0Eqq-scaled.jpeg\" \/>\n\t<meta property=\"og:image:width\" content=\"2560\" \/>\n\t<meta property=\"og:image:height\" content=\"1707\" \/>\n\t<meta property=\"og:image:type\" content=\"image\/jpeg\" \/>\n<meta name=\"author\" content=\"wearefirma dev\" \/>\n<meta name=\"twitter:card\" content=\"summary_large_image\" \/>\n<meta name=\"twitter:creator\" content=\"@bcntechcity\" \/>\n<meta name=\"twitter:site\" content=\"@bcntechcity\" \/>\n<meta name=\"twitter:label1\" content=\"Escrit per\" \/>\n\t<meta name=\"twitter:data1\" content=\"wearefirma dev\" \/>\n\t<meta name=\"twitter:label2\" content=\"Temps estimat de lectura\" \/>\n\t<meta name=\"twitter:data2\" content=\"1 minut\" \/>\n<script type=\"application\/ld+json\" class=\"yoast-schema-graph\">{\"@context\":\"https:\\\/\\\/schema.org\",\"@graph\":[{\"@type\":\"Article\",\"@id\":\"https:\\\/\\\/www.techbarcelona.com\\\/ca\\\/visita-de-la-vicepresidenta-i-ministra-nadia-calvino-al-pier01-de-barcelona-tech-city\\\/#article\",\"isPartOf\":{\"@id\":\"https:\\\/\\\/www.techbarcelona.com\\\/ca\\\/visita-de-la-vicepresidenta-i-ministra-nadia-calvino-al-pier01-de-barcelona-tech-city\\\/\"},\"author\":{\"name\":\"wearefirma dev\",\"@id\":\"https:\\\/\\\/www.techbarcelona.com\\\/ca\\\/#\\\/schema\\\/person\\\/cd066d6149f05167faee07c5eeb6052a\"},\"headline\":\"Visita de la Vicepresidenta i Ministra Nadia Calvi\u00f1o al Pier01 de Barcelona Tech City\",\"datePublished\":\"2020-02-23T23:00:00+00:00\",\"mainEntityOfPage\":{\"@id\":\"https:\\\/\\\/www.techbarcelona.com\\\/ca\\\/visita-de-la-vicepresidenta-i-ministra-nadia-calvino-al-pier01-de-barcelona-tech-city\\\/\"},\"wordCount\":252,\"publisher\":{\"@id\":\"https:\\\/\\\/www.techbarcelona.com\\\/ca\\\/#organization\"},\"image\":{\"@id\":\"https:\\\/\\\/www.techbarcelona.com\\\/ca\\\/visita-de-la-vicepresidenta-i-ministra-nadia-calvino-al-pier01-de-barcelona-tech-city\\\/#primaryimage\"},\"thumbnailUrl\":\"https:\\\/\\\/www.techbarcelona.com\\\/wp-content\\\/uploads\\\/ERi24erWoAQ0Eqq-scaled.jpeg\",\"inLanguage\":\"ca\"},{\"@type\":\"WebPage\",\"@id\":\"https:\\\/\\\/www.techbarcelona.com\\\/ca\\\/visita-de-la-vicepresidenta-i-ministra-nadia-calvino-al-pier01-de-barcelona-tech-city\\\/\",\"url\":\"https:\\\/\\\/www.techbarcelona.com\\\/ca\\\/visita-de-la-vicepresidenta-i-ministra-nadia-calvino-al-pier01-de-barcelona-tech-city\\\/\",\"name\":\"Visita de la Vicepresidenta i Ministra Nadia Calvi\u00f1o al Pier01 de Barcelona Tech City - Tech Barcelona\",\"isPartOf\":{\"@id\":\"https:\\\/\\\/www.techbarcelona.com\\\/ca\\\/#website\"},\"primaryImageOfPage\":{\"@id\":\"https:\\\/\\\/www.techbarcelona.com\\\/ca\\\/visita-de-la-vicepresidenta-i-ministra-nadia-calvino-al-pier01-de-barcelona-tech-city\\\/#primaryimage\"},\"image\":{\"@id\":\"https:\\\/\\\/www.techbarcelona.com\\\/ca\\\/visita-de-la-vicepresidenta-i-ministra-nadia-calvino-al-pier01-de-barcelona-tech-city\\\/#primaryimage\"},\"thumbnailUrl\":\"https:\\\/\\\/www.techbarcelona.com\\\/wp-content\\\/uploads\\\/ERi24erWoAQ0Eqq-scaled.jpeg\",\"datePublished\":\"2020-02-23T23:00:00+00:00\",\"breadcrumb\":{\"@id\":\"https:\\\/\\\/www.techbarcelona.com\\\/ca\\\/visita-de-la-vicepresidenta-i-ministra-nadia-calvino-al-pier01-de-barcelona-tech-city\\\/#breadcrumb\"},\"inLanguage\":\"ca\",\"potentialAction\":[{\"@type\":\"ReadAction\",\"target\":[\"https:\\\/\\\/www.techbarcelona.com\\\/ca\\\/visita-de-la-vicepresidenta-i-ministra-nadia-calvino-al-pier01-de-barcelona-tech-city\\\/\"]}]},{\"@type\":\"ImageObject\",\"inLanguage\":\"ca\",\"@id\":\"https:\\\/\\\/www.techbarcelona.com\\\/ca\\\/visita-de-la-vicepresidenta-i-ministra-nadia-calvino-al-pier01-de-barcelona-tech-city\\\/#primaryimage\",\"url\":\"https:\\\/\\\/www.techbarcelona.com\\\/wp-content\\\/uploads\\\/ERi24erWoAQ0Eqq-scaled.jpeg\",\"contentUrl\":\"https:\\\/\\\/www.techbarcelona.com\\\/wp-content\\\/uploads\\\/ERi24erWoAQ0Eqq-scaled.jpeg\",\"width\":2560,\"height\":1707},{\"@type\":\"BreadcrumbList\",\"@id\":\"https:\\\/\\\/www.techbarcelona.com\\\/ca\\\/visita-de-la-vicepresidenta-i-ministra-nadia-calvino-al-pier01-de-barcelona-tech-city\\\/#breadcrumb\",\"itemListElement\":[{\"@type\":\"ListItem\",\"position\":1,\"name\":\"Portada\",\"item\":\"https:\\\/\\\/www.techbarcelona.com\\\/ca\\\/\"},{\"@type\":\"ListItem\",\"position\":2,\"name\":\"Visita de la Vicepresidenta i Ministra Nadia Calvi\u00f1o al Pier01 de Barcelona Tech City\"}]},{\"@type\":\"WebSite\",\"@id\":\"https:\\\/\\\/www.techbarcelona.com\\\/ca\\\/#website\",\"url\":\"https:\\\/\\\/www.techbarcelona.com\\\/ca\\\/\",\"name\":\"Tech Barcelona\",\"description\":\"\",\"publisher\":{\"@id\":\"https:\\\/\\\/www.techbarcelona.com\\\/ca\\\/#organization\"},\"potentialAction\":[{\"@type\":\"SearchAction\",\"target\":{\"@type\":\"EntryPoint\",\"urlTemplate\":\"https:\\\/\\\/www.techbarcelona.com\\\/ca\\\/?s={search_term_string}\"},\"query-input\":{\"@type\":\"PropertyValueSpecification\",\"valueRequired\":true,\"valueName\":\"search_term_string\"}}],\"inLanguage\":\"ca\"},{\"@type\":\"Organization\",\"@id\":\"https:\\\/\\\/www.techbarcelona.com\\\/ca\\\/#organization\",\"name\":\"Tech Barcelona\",\"url\":\"https:\\\/\\\/www.techbarcelona.com\\\/ca\\\/\",\"logo\":{\"@type\":\"ImageObject\",\"inLanguage\":\"ca\",\"@id\":\"https:\\\/\\\/www.techbarcelona.com\\\/ca\\\/#\\\/schema\\\/logo\\\/image\\\/\",\"url\":\"https:\\\/\\\/www.techbarcelona.com\\\/wp-content\\\/uploads\\\/logo-tech-bcn-black.png\",\"contentUrl\":\"https:\\\/\\\/www.techbarcelona.com\\\/wp-content\\\/uploads\\\/logo-tech-bcn-black.png\",\"width\":347,\"height\":90,\"caption\":\"Tech Barcelona\"},\"image\":{\"@id\":\"https:\\\/\\\/www.techbarcelona.com\\\/ca\\\/#\\\/schema\\\/logo\\\/image\\\/\"},\"sameAs\":[\"https:\\\/\\\/www.facebook.com\\\/BarcelonaTechCity\",\"https:\\\/\\\/x.com\\\/bcntechcity\",\"https:\\\/\\\/www.instagram.com\\\/bcntechcity\\\/\",\"https:\\\/\\\/www.linkedin.com\\\/company\\\/barcelona-tech-city\\\/\",\"https:\\\/\\\/www.youtube.com\\\/channel\\\/UCKX-ZX0pM37GRtVNKgr4Rxg\"]},{\"@type\":\"Person\",\"@id\":\"https:\\\/\\\/www.techbarcelona.com\\\/ca\\\/#\\\/schema\\\/person\\\/cd066d6149f05167faee07c5eeb6052a\",\"name\":\"wearefirma dev\",\"image\":{\"@type\":\"ImageObject\",\"inLanguage\":\"ca\",\"@id\":\"https:\\\/\\\/secure.gravatar.com\\\/avatar\\\/ab2535b1fd4758a82464db417fc5c2cfb853d513b4e2900d8bbd5a4639ffa252?s=96&d=mm&r=g\",\"url\":\"https:\\\/\\\/secure.gravatar.com\\\/avatar\\\/ab2535b1fd4758a82464db417fc5c2cfb853d513b4e2900d8bbd5a4639ffa252?s=96&d=mm&r=g\",\"contentUrl\":\"https:\\\/\\\/secure.gravatar.com\\\/avatar\\\/ab2535b1fd4758a82464db417fc5c2cfb853d513b4e2900d8bbd5a4639ffa252?s=96&d=mm&r=g\",\"caption\":\"wearefirma dev\"},\"sameAs\":[\"https:\\\/\\\/holarafa.com\"]}]}<\/script>\n<!-- \/ Yoast SEO plugin. -->","yoast_head_json":{"title":"Visita de la Vicepresidenta i Ministra Nadia Calvi\u00f1o al Pier01 de Barcelona Tech City - Tech Barcelona","robots":{"index":"index","follow":"follow","max-snippet":"max-snippet:-1","max-image-preview":"max-image-preview:large","max-video-preview":"max-video-preview:-1"},"canonical":"https:\/\/www.techbarcelona.com\/ca\/visita-de-la-vicepresidenta-i-ministra-nadia-calvino-al-pier01-de-barcelona-tech-city\/","og_locale":"ca_ES","og_type":"article","og_title":"Visita de la Vicepresidenta i Ministra Nadia Calvi\u00f1o al Pier01 de Barcelona Tech City - Tech Barcelona","og_description":"La Vicepresidenta\u00a0i Ministra d&#8217;Assumptes Econ\u00f2mics i Transformaci\u00f3 Digital d&#8217;Espanya,\u00a0Nadia Calvi\u00f1o\u00a0ha visitat el\u00a0#Pier01\u00a0de\u00a0Barcelona Tech City\u00a0en\u00a0la seva agenda de trobades a\u00a0Barcelona, que mostren el comprom\u00eds del Govern amb la ciutat com a centre de transformaci\u00f3 digital. &#8220;Estic molt satisfeta de poder mantenir la nostra agenda avui a Barcelona. \u00c9s una mostra del [&hellip;]","og_url":"https:\/\/www.techbarcelona.com\/ca\/visita-de-la-vicepresidenta-i-ministra-nadia-calvino-al-pier01-de-barcelona-tech-city\/","og_site_name":"Tech Barcelona","article_publisher":"https:\/\/www.facebook.com\/BarcelonaTechCity","article_published_time":"2020-02-23T23:00:00+00:00","og_image":[{"width":2560,"height":1707,"url":"https:\/\/www.techbarcelona.com\/wp-content\/uploads\/ERi24erWoAQ0Eqq-scaled.jpeg","type":"image\/jpeg"}],"author":"wearefirma dev","twitter_card":"summary_large_image","twitter_creator":"@bcntechcity","twitter_site":"@bcntechcity","twitter_misc":{"Escrit per":"wearefirma dev","Temps estimat de lectura":"1 minut"},"schema":{"@context":"https:\/\/schema.org","@graph":[{"@type":"Article","@id":"https:\/\/www.techbarcelona.com\/ca\/visita-de-la-vicepresidenta-i-ministra-nadia-calvino-al-pier01-de-barcelona-tech-city\/#article","isPartOf":{"@id":"https:\/\/www.techbarcelona.com\/ca\/visita-de-la-vicepresidenta-i-ministra-nadia-calvino-al-pier01-de-barcelona-tech-city\/"},"author":{"name":"wearefirma dev","@id":"https:\/\/www.techbarcelona.com\/ca\/#\/schema\/person\/cd066d6149f05167faee07c5eeb6052a"},"headline":"Visita de la Vicepresidenta i Ministra Nadia Calvi\u00f1o al Pier01 de Barcelona Tech City","datePublished":"2020-02-23T23:00:00+00:00","mainEntityOfPage":{"@id":"https:\/\/www.techbarcelona.com\/ca\/visita-de-la-vicepresidenta-i-ministra-nadia-calvino-al-pier01-de-barcelona-tech-city\/"},"wordCount":252,"publisher":{"@id":"https:\/\/www.techbarcelona.com\/ca\/#organization"},"image":{"@id":"https:\/\/www.techbarcelona.com\/ca\/visita-de-la-vicepresidenta-i-ministra-nadia-calvino-al-pier01-de-barcelona-tech-city\/#primaryimage"},"thumbnailUrl":"https:\/\/www.techbarcelona.com\/wp-content\/uploads\/ERi24erWoAQ0Eqq-scaled.jpeg","inLanguage":"ca"},{"@type":"WebPage","@id":"https:\/\/www.techbarcelona.com\/ca\/visita-de-la-vicepresidenta-i-ministra-nadia-calvino-al-pier01-de-barcelona-tech-city\/","url":"https:\/\/www.techbarcelona.com\/ca\/visita-de-la-vicepresidenta-i-ministra-nadia-calvino-al-pier01-de-barcelona-tech-city\/","name":"Visita de la Vicepresidenta i Ministra Nadia Calvi\u00f1o al Pier01 de Barcelona Tech City - Tech Barcelona","isPartOf":{"@id":"https:\/\/www.techbarcelona.com\/ca\/#website"},"primaryImageOfPage":{"@id":"https:\/\/www.techbarcelona.com\/ca\/visita-de-la-vicepresidenta-i-ministra-nadia-calvino-al-pier01-de-barcelona-tech-city\/#primaryimage"},"image":{"@id":"https:\/\/www.techbarcelona.com\/ca\/visita-de-la-vicepresidenta-i-ministra-nadia-calvino-al-pier01-de-barcelona-tech-city\/#primaryimage"},"thumbnailUrl":"https:\/\/www.techbarcelona.com\/wp-content\/uploads\/ERi24erWoAQ0Eqq-scaled.jpeg","datePublished":"2020-02-23T23:00:00+00:00","breadcrumb":{"@id":"https:\/\/www.techbarcelona.com\/ca\/visita-de-la-vicepresidenta-i-ministra-nadia-calvino-al-pier01-de-barcelona-tech-city\/#breadcrumb"},"inLanguage":"ca","potentialAction":[{"@type":"ReadAction","target":["https:\/\/www.techbarcelona.com\/ca\/visita-de-la-vicepresidenta-i-ministra-nadia-calvino-al-pier01-de-barcelona-tech-city\/"]}]},{"@type":"ImageObject","inLanguage":"ca","@id":"https:\/\/www.techbarcelona.com\/ca\/visita-de-la-vicepresidenta-i-ministra-nadia-calvino-al-pier01-de-barcelona-tech-city\/#primaryimage","url":"https:\/\/www.techbarcelona.com\/wp-content\/uploads\/ERi24erWoAQ0Eqq-scaled.jpeg","contentUrl":"https:\/\/www.techbarcelona.com\/wp-content\/uploads\/ERi24erWoAQ0Eqq-scaled.jpeg","width":2560,"height":1707},{"@type":"BreadcrumbList","@id":"https:\/\/www.techbarcelona.com\/ca\/visita-de-la-vicepresidenta-i-ministra-nadia-calvino-al-pier01-de-barcelona-tech-city\/#breadcrumb","itemListElement":[{"@type":"ListItem","position":1,"name":"Portada","item":"https:\/\/www.techbarcelona.com\/ca\/"},{"@type":"ListItem","position":2,"name":"Visita de la Vicepresidenta i Ministra Nadia Calvi\u00f1o al Pier01 de Barcelona Tech City"}]},{"@type":"WebSite","@id":"https:\/\/www.techbarcelona.com\/ca\/#website","url":"https:\/\/www.techbarcelona.com\/ca\/","name":"Tech Barcelona","description":"","publisher":{"@id":"https:\/\/www.techbarcelona.com\/ca\/#organization"},"potentialAction":[{"@type":"SearchAction","target":{"@type":"EntryPoint","urlTemplate":"https:\/\/www.techbarcelona.com\/ca\/?s={search_term_string}"},"query-input":{"@type":"PropertyValueSpecification","valueRequired":true,"valueName":"search_term_string"}}],"inLanguage":"ca"},{"@type":"Organization","@id":"https:\/\/www.techbarcelona.com\/ca\/#organization","name":"Tech Barcelona","url":"https:\/\/www.techbarcelona.com\/ca\/","logo":{"@type":"ImageObject","inLanguage":"ca","@id":"https:\/\/www.techbarcelona.com\/ca\/#\/schema\/logo\/image\/","url":"https:\/\/www.techbarcelona.com\/wp-content\/uploads\/logo-tech-bcn-black.png","contentUrl":"https:\/\/www.techbarcelona.com\/wp-content\/uploads\/logo-tech-bcn-black.png","width":347,"height":90,"caption":"Tech Barcelona"},"image":{"@id":"https:\/\/www.techbarcelona.com\/ca\/#\/schema\/logo\/image\/"},"sameAs":["https:\/\/www.facebook.com\/BarcelonaTechCity","https:\/\/x.com\/bcntechcity","https:\/\/www.instagram.com\/bcntechcity\/","https:\/\/www.linkedin.com\/company\/barcelona-tech-city\/","https:\/\/www.youtube.com\/channel\/UCKX-ZX0pM37GRtVNKgr4Rxg"]},{"@type":"Person","@id":"https:\/\/www.techbarcelona.com\/ca\/#\/schema\/person\/cd066d6149f05167faee07c5eeb6052a","name":"wearefirma dev","image":{"@type":"ImageObject","inLanguage":"ca","@id":"https:\/\/secure.gravatar.com\/avatar\/ab2535b1fd4758a82464db417fc5c2cfb853d513b4e2900d8bbd5a4639ffa252?s=96&d=mm&r=g","url":"https:\/\/secure.gravatar.com\/avatar\/ab2535b1fd4758a82464db417fc5c2cfb853d513b4e2900d8bbd5a4639ffa252?s=96&d=mm&r=g","contentUrl":"https:\/\/secure.gravatar.com\/avatar\/ab2535b1fd4758a82464db417fc5c2cfb853d513b4e2900d8bbd5a4639ffa252?s=96&d=mm&r=g","caption":"wearefirma dev"},"sameAs":["https:\/\/holarafa.com"]}]}},"_links":{"self":[{"href":"https:\/\/www.techbarcelona.com\/ca\/wp-json\/wp\/v2\/posts\/20729","targetHints":{"allow":["GET"]}}],"collection":[{"href":"https:\/\/www.techbarcelona.com\/ca\/wp-json\/wp\/v2\/posts"}],"about":[{"href":"https:\/\/www.techbarcelona.com\/ca\/wp-json\/wp\/v2\/types\/post"}],"author":[{"embeddable":true,"href":"https:\/\/www.techbarcelona.com\/ca\/wp-json\/wp\/v2\/users\/1"}],"replies":[{"embeddable":true,"href":"https:\/\/www.techbarcelona.com\/ca\/wp-json\/wp\/v2\/comments?post=20729"}],"version-history":[{"count":0,"href":"https:\/\/www.techbarcelona.com\/ca\/wp-json\/wp\/v2\/posts\/20729\/revisions"}],"wp:featuredmedia":[{"embeddable":true,"href":"https:\/\/www.techbarcelona.com\/ca\/wp-json\/wp\/v2\/media\/20229"}],"wp:attachment":[{"href":"https:\/\/www.techbarcelona.com\/ca\/wp-json\/wp\/v2\/media?parent=20729"}],"wp:term":[{"taxonomy":"category","embeddable":true,"href":"https:\/\/www.techbarcelona.com\/ca\/wp-json\/wp\/v2\/categories?post=20729"},{"taxonomy":"post_tag","embeddable":true,"href":"https:\/\/www.techbarcelona.com\/ca\/wp-json\/wp\/v2\/tags?post=20729"}],"curies":[{"name":"wp","href":"https:\/\/api.w.org\/{rel}","templated":true}]}}