{"id":20739,"date":"2020-03-26T00:00:00","date_gmt":"2020-03-25T23:00:00","guid":{"rendered":"https:\/\/techbcndev.wearefirma.com\/emergencia-respiradores-campana-de-la-fundacio-clinic-barcelona\/"},"modified":"2020-03-26T00:00:00","modified_gmt":"2020-03-25T23:00:00","slug":"emergencia-respiradores-campana-de-la-fundacio-clinic-barcelona","status":"publish","type":"post","link":"https:\/\/www.techbarcelona.com\/ca\/emergencia-respiradores-campana-de-la-fundacio-clinic-barcelona\/","title":{"rendered":"Emergencia respiradores: campa\u00f1a de la Fundaci\u00f3 Cl\u00ednic Barcelona"},"content":{"rendered":"<p>La situaci\u00f3n que estamos viviendo en estos momentos excepcionales requiere tambi\u00e9n actuaciones excepcionales.<\/p>\n<p>Desde la <strong>Fundaci\u00f3 del Hospital Cl\u00ednic<\/strong> hemos recibido, junto con otras entidades, una petici\u00f3n de emergencia (Ver <a href=\"http:\/\/barcelonatechcity.com\/wp-content\/uploads\/2020\/03\/CARTA-BCN-TECH-CITY.pdf\">Carta del Hospital Cl\u00ednic a Barcelona Tech City<\/a>)\u00a0para dar respuesta a una situaci\u00f3n alarmante que afecta a los centros sanitarios de todo el pa\u00eds.<\/p>\n<blockquote><p>El n\u00famero de ventiladores imprescindibles para el tratamiento de los enfermos m\u00e1s graves es insuficiente. Simplemente un dato: a finales de semana ser\u00e1n necesarios el doble de los actuales.<\/p><\/blockquote>\n<p>Tal y como han explicado los medios de comunicaci\u00f3n, se est\u00e1 desarrollando un prototipo de ventiladores, entre otras iniciativas, que podr\u00eda estar operativo en las pr\u00f3ximas\u00a0<strong>48 horas.\u00a0<\/strong>Junto con\u00a0un grupo de j\u00f3venes ingenieros (<a href=\"http:\/\/protofy.xyz\/\" data-saferedirecturl=\"https:\/\/www.google.com\/url?q=http:\/\/protofy.xyz\/&amp;source=gmail&amp;ust=1585308583451000&amp;usg=AFQjCNGyo6RM2liDy7vuLD_Ik8bBR_xinQ\">Protofy.xyz<\/a>), con la ayuda del Hospital Cl\u00ednic\u00a0de Barcelona y Can Ruti de Badalona, han participado en este dise\u00f1o para\u00a0dar respuesta a la eventual falta de respiradores de emergencia en los centros sanitarios.<\/p>\n<p>La <strong>Fundaci\u00f3 del Hospital Cl\u00ednic<\/strong> colabora con esta iniciativa y su director general, Josep Maria Campistol, nos ha hecho llegar la <strong>necesidad de disponer con urgencia de fondos para financiar la compra de este equipamiento y distribuirlo de la manera m\u00e1s eficaz<\/strong>. Tanto el Ministerio de Sanidad como la Presidencia de la Generalitat de Catalunya est\u00e1n al corriente de la iniciativa.<img loading=\"lazy\" decoding=\"async\" class=\"wp-image-23358 aligncenter\" src=\"https:\/\/www.techbarcelona.com\/wp-content\/uploads\/Captura-de-pantalla-2020-03-26-a-las-12.22.27.png\" alt=\"\" width=\"664\" height=\"378\" \/><\/p>\n<p>Por este motivo, desde Barcelona Tech City os hacemos llegar la petici\u00f3n de ayuda para conseguir\u00a0<strong><u>de manera urgente<\/u><\/strong>\u00a0una importante inyecci\u00f3n de fondos que haga posible que nuestros centros sanitarios, de forma inmediata, puedan atender adecuadamente el previsible aumento a corto plazo de infectados y enfermos graves por Covid-19.<\/p>\n<p>Las<strong> aportaciones<\/strong> se pueden realizar a trav\u00e9s de la plataforma de Migranodearena.org, donde se centraliza la <a href=\"https:\/\/www.migranodearena.org\/reto\/21508\/respiradors\" target=\"_blank\" rel=\"noopener\">campa\u00f1a Emergencia Respiradores<\/a>.<\/p>\n<p>Agradecemos todas las colaboraciones.<\/p>\n","protected":false},"excerpt":{"rendered":"<p>La situaci\u00f3n que estamos viviendo en estos momentos excepcionales requiere tambi\u00e9n actuaciones excepcionales. Desde la Fundaci\u00f3 del Hospital Cl\u00ednic hemos recibido, junto con otras entidades, una petici\u00f3n de emergencia (Ver Carta del Hospital Cl\u00ednic a Barcelona Tech City)\u00a0para dar respuesta a una situaci\u00f3n alarmante que afecta a los centros sanitarios [&hellip;]<\/p>\n","protected":false},"author":1,"featured_media":20287,"comment_status":"closed","ping_status":"closed","sticky":false,"template":"","format":"standard","meta":{"_acf_changed":false,"_mo_disable_npp":"","footnotes":""},"categories":[],"tags":[],"class_list":["post-20739","post","type-post","status-publish","format-standard","has-post-thumbnail","hentry"],"acf":[],"yoast_head":"<!-- This site is optimized with the Yoast SEO plugin v27.5 - https:\/\/yoast.com\/product\/yoast-seo-wordpress\/ -->\n<title>Emergencia respiradores: campa\u00f1a de la Fundaci\u00f3 Cl\u00ednic Barcelona - Tech Barcelona<\/title>\n<meta name=\"robots\" content=\"index, follow, max-snippet:-1, max-image-preview:large, max-video-preview:-1\" \/>\n<link rel=\"canonical\" href=\"https:\/\/www.techbarcelona.com\/ca\/emergencia-respiradores-campana-de-la-fundacio-clinic-barcelona\/\" \/>\n<meta property=\"og:locale\" content=\"ca_ES\" \/>\n<meta property=\"og:type\" content=\"article\" \/>\n<meta property=\"og:title\" content=\"Emergencia respiradores: campa\u00f1a de la Fundaci\u00f3 Cl\u00ednic Barcelona - Tech Barcelona\" \/>\n<meta property=\"og:description\" content=\"La situaci\u00f3n que estamos viviendo en estos momentos excepcionales requiere tambi\u00e9n actuaciones excepcionales. Desde la Fundaci\u00f3 del Hospital Cl\u00ednic hemos recibido, junto con otras entidades, una petici\u00f3n de emergencia (Ver Carta del Hospital Cl\u00ednic a Barcelona Tech City)\u00a0para dar respuesta a una situaci\u00f3n alarmante que afecta a los centros sanitarios [&hellip;]\" \/>\n<meta property=\"og:url\" content=\"https:\/\/www.techbarcelona.com\/ca\/emergencia-respiradores-campana-de-la-fundacio-clinic-barcelona\/\" \/>\n<meta property=\"og:site_name\" content=\"Tech Barcelona\" \/>\n<meta property=\"article:publisher\" content=\"https:\/\/www.facebook.com\/BarcelonaTechCity\" \/>\n<meta property=\"article:published_time\" content=\"2020-03-25T23:00:00+00:00\" \/>\n<meta property=\"og:image\" content=\"https:\/\/www.techbarcelona.com\/wp-content\/uploads\/Captura-de-pantalla-2020-03-26-a-las-12.23.12.png\" \/>\n\t<meta property=\"og:image:width\" content=\"1436\" \/>\n\t<meta property=\"og:image:height\" content=\"788\" \/>\n\t<meta property=\"og:image:type\" content=\"image\/png\" \/>\n<meta name=\"author\" content=\"wearefirma dev\" \/>\n<meta name=\"twitter:card\" content=\"summary_large_image\" \/>\n<meta name=\"twitter:creator\" content=\"@bcntechcity\" \/>\n<meta name=\"twitter:site\" content=\"@bcntechcity\" \/>\n<meta name=\"twitter:label1\" content=\"Escrit per\" \/>\n\t<meta name=\"twitter:data1\" content=\"wearefirma dev\" \/>\n\t<meta name=\"twitter:label2\" content=\"Temps estimat de lectura\" \/>\n\t<meta name=\"twitter:data2\" content=\"2 minuts\" \/>\n<script type=\"application\/ld+json\" class=\"yoast-schema-graph\">{\"@context\":\"https:\\\/\\\/schema.org\",\"@graph\":[{\"@type\":\"Article\",\"@id\":\"https:\\\/\\\/www.techbarcelona.com\\\/ca\\\/emergencia-respiradores-campana-de-la-fundacio-clinic-barcelona\\\/#article\",\"isPartOf\":{\"@id\":\"https:\\\/\\\/www.techbarcelona.com\\\/ca\\\/emergencia-respiradores-campana-de-la-fundacio-clinic-barcelona\\\/\"},\"author\":{\"name\":\"wearefirma dev\",\"@id\":\"https:\\\/\\\/www.techbarcelona.com\\\/ca\\\/#\\\/schema\\\/person\\\/cd066d6149f05167faee07c5eeb6052a\"},\"headline\":\"Emergencia respiradores: campa\u00f1a de la Fundaci\u00f3 Cl\u00ednic Barcelona\",\"datePublished\":\"2020-03-25T23:00:00+00:00\",\"mainEntityOfPage\":{\"@id\":\"https:\\\/\\\/www.techbarcelona.com\\\/ca\\\/emergencia-respiradores-campana-de-la-fundacio-clinic-barcelona\\\/\"},\"wordCount\":321,\"publisher\":{\"@id\":\"https:\\\/\\\/www.techbarcelona.com\\\/ca\\\/#organization\"},\"image\":{\"@id\":\"https:\\\/\\\/www.techbarcelona.com\\\/ca\\\/emergencia-respiradores-campana-de-la-fundacio-clinic-barcelona\\\/#primaryimage\"},\"thumbnailUrl\":\"https:\\\/\\\/www.techbarcelona.com\\\/wp-content\\\/uploads\\\/Captura-de-pantalla-2020-03-26-a-las-12.23.12.png\",\"inLanguage\":\"ca\"},{\"@type\":\"WebPage\",\"@id\":\"https:\\\/\\\/www.techbarcelona.com\\\/ca\\\/emergencia-respiradores-campana-de-la-fundacio-clinic-barcelona\\\/\",\"url\":\"https:\\\/\\\/www.techbarcelona.com\\\/ca\\\/emergencia-respiradores-campana-de-la-fundacio-clinic-barcelona\\\/\",\"name\":\"Emergencia respiradores: campa\u00f1a de la Fundaci\u00f3 Cl\u00ednic Barcelona - Tech Barcelona\",\"isPartOf\":{\"@id\":\"https:\\\/\\\/www.techbarcelona.com\\\/ca\\\/#website\"},\"primaryImageOfPage\":{\"@id\":\"https:\\\/\\\/www.techbarcelona.com\\\/ca\\\/emergencia-respiradores-campana-de-la-fundacio-clinic-barcelona\\\/#primaryimage\"},\"image\":{\"@id\":\"https:\\\/\\\/www.techbarcelona.com\\\/ca\\\/emergencia-respiradores-campana-de-la-fundacio-clinic-barcelona\\\/#primaryimage\"},\"thumbnailUrl\":\"https:\\\/\\\/www.techbarcelona.com\\\/wp-content\\\/uploads\\\/Captura-de-pantalla-2020-03-26-a-las-12.23.12.png\",\"datePublished\":\"2020-03-25T23:00:00+00:00\",\"breadcrumb\":{\"@id\":\"https:\\\/\\\/www.techbarcelona.com\\\/ca\\\/emergencia-respiradores-campana-de-la-fundacio-clinic-barcelona\\\/#breadcrumb\"},\"inLanguage\":\"ca\",\"potentialAction\":[{\"@type\":\"ReadAction\",\"target\":[\"https:\\\/\\\/www.techbarcelona.com\\\/ca\\\/emergencia-respiradores-campana-de-la-fundacio-clinic-barcelona\\\/\"]}]},{\"@type\":\"ImageObject\",\"inLanguage\":\"ca\",\"@id\":\"https:\\\/\\\/www.techbarcelona.com\\\/ca\\\/emergencia-respiradores-campana-de-la-fundacio-clinic-barcelona\\\/#primaryimage\",\"url\":\"https:\\\/\\\/www.techbarcelona.com\\\/wp-content\\\/uploads\\\/Captura-de-pantalla-2020-03-26-a-las-12.23.12.png\",\"contentUrl\":\"https:\\\/\\\/www.techbarcelona.com\\\/wp-content\\\/uploads\\\/Captura-de-pantalla-2020-03-26-a-las-12.23.12.png\",\"width\":1436,\"height\":788},{\"@type\":\"BreadcrumbList\",\"@id\":\"https:\\\/\\\/www.techbarcelona.com\\\/ca\\\/emergencia-respiradores-campana-de-la-fundacio-clinic-barcelona\\\/#breadcrumb\",\"itemListElement\":[{\"@type\":\"ListItem\",\"position\":1,\"name\":\"Portada\",\"item\":\"https:\\\/\\\/www.techbarcelona.com\\\/ca\\\/\"},{\"@type\":\"ListItem\",\"position\":2,\"name\":\"Emergencia respiradores: campa\u00f1a de la Fundaci\u00f3 Cl\u00ednic Barcelona\"}]},{\"@type\":\"WebSite\",\"@id\":\"https:\\\/\\\/www.techbarcelona.com\\\/ca\\\/#website\",\"url\":\"https:\\\/\\\/www.techbarcelona.com\\\/ca\\\/\",\"name\":\"Tech Barcelona\",\"description\":\"\",\"publisher\":{\"@id\":\"https:\\\/\\\/www.techbarcelona.com\\\/ca\\\/#organization\"},\"potentialAction\":[{\"@type\":\"SearchAction\",\"target\":{\"@type\":\"EntryPoint\",\"urlTemplate\":\"https:\\\/\\\/www.techbarcelona.com\\\/ca\\\/?s={search_term_string}\"},\"query-input\":{\"@type\":\"PropertyValueSpecification\",\"valueRequired\":true,\"valueName\":\"search_term_string\"}}],\"inLanguage\":\"ca\"},{\"@type\":\"Organization\",\"@id\":\"https:\\\/\\\/www.techbarcelona.com\\\/ca\\\/#organization\",\"name\":\"Tech Barcelona\",\"url\":\"https:\\\/\\\/www.techbarcelona.com\\\/ca\\\/\",\"logo\":{\"@type\":\"ImageObject\",\"inLanguage\":\"ca\",\"@id\":\"https:\\\/\\\/www.techbarcelona.com\\\/ca\\\/#\\\/schema\\\/logo\\\/image\\\/\",\"url\":\"https:\\\/\\\/www.techbarcelona.com\\\/wp-content\\\/uploads\\\/logo-tech-bcn-black.png\",\"contentUrl\":\"https:\\\/\\\/www.techbarcelona.com\\\/wp-content\\\/uploads\\\/logo-tech-bcn-black.png\",\"width\":347,\"height\":90,\"caption\":\"Tech Barcelona\"},\"image\":{\"@id\":\"https:\\\/\\\/www.techbarcelona.com\\\/ca\\\/#\\\/schema\\\/logo\\\/image\\\/\"},\"sameAs\":[\"https:\\\/\\\/www.facebook.com\\\/BarcelonaTechCity\",\"https:\\\/\\\/x.com\\\/bcntechcity\",\"https:\\\/\\\/www.instagram.com\\\/bcntechcity\\\/\",\"https:\\\/\\\/www.linkedin.com\\\/company\\\/barcelona-tech-city\\\/\",\"https:\\\/\\\/www.youtube.com\\\/channel\\\/UCKX-ZX0pM37GRtVNKgr4Rxg\"]},{\"@type\":\"Person\",\"@id\":\"https:\\\/\\\/www.techbarcelona.com\\\/ca\\\/#\\\/schema\\\/person\\\/cd066d6149f05167faee07c5eeb6052a\",\"name\":\"wearefirma dev\",\"image\":{\"@type\":\"ImageObject\",\"inLanguage\":\"ca\",\"@id\":\"https:\\\/\\\/secure.gravatar.com\\\/avatar\\\/ab2535b1fd4758a82464db417fc5c2cfb853d513b4e2900d8bbd5a4639ffa252?s=96&d=mm&r=g\",\"url\":\"https:\\\/\\\/secure.gravatar.com\\\/avatar\\\/ab2535b1fd4758a82464db417fc5c2cfb853d513b4e2900d8bbd5a4639ffa252?s=96&d=mm&r=g\",\"contentUrl\":\"https:\\\/\\\/secure.gravatar.com\\\/avatar\\\/ab2535b1fd4758a82464db417fc5c2cfb853d513b4e2900d8bbd5a4639ffa252?s=96&d=mm&r=g\",\"caption\":\"wearefirma dev\"},\"sameAs\":[\"https:\\\/\\\/holarafa.com\"]}]}<\/script>\n<!-- \/ Yoast SEO plugin. -->","yoast_head_json":{"title":"Emergencia respiradores: campa\u00f1a de la Fundaci\u00f3 Cl\u00ednic Barcelona - Tech Barcelona","robots":{"index":"index","follow":"follow","max-snippet":"max-snippet:-1","max-image-preview":"max-image-preview:large","max-video-preview":"max-video-preview:-1"},"canonical":"https:\/\/www.techbarcelona.com\/ca\/emergencia-respiradores-campana-de-la-fundacio-clinic-barcelona\/","og_locale":"ca_ES","og_type":"article","og_title":"Emergencia respiradores: campa\u00f1a de la Fundaci\u00f3 Cl\u00ednic Barcelona - Tech Barcelona","og_description":"La situaci\u00f3n que estamos viviendo en estos momentos excepcionales requiere tambi\u00e9n actuaciones excepcionales. Desde la Fundaci\u00f3 del Hospital Cl\u00ednic hemos recibido, junto con otras entidades, una petici\u00f3n de emergencia (Ver Carta del Hospital Cl\u00ednic a Barcelona Tech City)\u00a0para dar respuesta a una situaci\u00f3n alarmante que afecta a los centros sanitarios [&hellip;]","og_url":"https:\/\/www.techbarcelona.com\/ca\/emergencia-respiradores-campana-de-la-fundacio-clinic-barcelona\/","og_site_name":"Tech Barcelona","article_publisher":"https:\/\/www.facebook.com\/BarcelonaTechCity","article_published_time":"2020-03-25T23:00:00+00:00","og_image":[{"width":1436,"height":788,"url":"https:\/\/www.techbarcelona.com\/wp-content\/uploads\/Captura-de-pantalla-2020-03-26-a-las-12.23.12.png","type":"image\/png"}],"author":"wearefirma dev","twitter_card":"summary_large_image","twitter_creator":"@bcntechcity","twitter_site":"@bcntechcity","twitter_misc":{"Escrit per":"wearefirma dev","Temps estimat de lectura":"2 minuts"},"schema":{"@context":"https:\/\/schema.org","@graph":[{"@type":"Article","@id":"https:\/\/www.techbarcelona.com\/ca\/emergencia-respiradores-campana-de-la-fundacio-clinic-barcelona\/#article","isPartOf":{"@id":"https:\/\/www.techbarcelona.com\/ca\/emergencia-respiradores-campana-de-la-fundacio-clinic-barcelona\/"},"author":{"name":"wearefirma dev","@id":"https:\/\/www.techbarcelona.com\/ca\/#\/schema\/person\/cd066d6149f05167faee07c5eeb6052a"},"headline":"Emergencia respiradores: campa\u00f1a de la Fundaci\u00f3 Cl\u00ednic Barcelona","datePublished":"2020-03-25T23:00:00+00:00","mainEntityOfPage":{"@id":"https:\/\/www.techbarcelona.com\/ca\/emergencia-respiradores-campana-de-la-fundacio-clinic-barcelona\/"},"wordCount":321,"publisher":{"@id":"https:\/\/www.techbarcelona.com\/ca\/#organization"},"image":{"@id":"https:\/\/www.techbarcelona.com\/ca\/emergencia-respiradores-campana-de-la-fundacio-clinic-barcelona\/#primaryimage"},"thumbnailUrl":"https:\/\/www.techbarcelona.com\/wp-content\/uploads\/Captura-de-pantalla-2020-03-26-a-las-12.23.12.png","inLanguage":"ca"},{"@type":"WebPage","@id":"https:\/\/www.techbarcelona.com\/ca\/emergencia-respiradores-campana-de-la-fundacio-clinic-barcelona\/","url":"https:\/\/www.techbarcelona.com\/ca\/emergencia-respiradores-campana-de-la-fundacio-clinic-barcelona\/","name":"Emergencia respiradores: campa\u00f1a de la Fundaci\u00f3 Cl\u00ednic Barcelona - Tech Barcelona","isPartOf":{"@id":"https:\/\/www.techbarcelona.com\/ca\/#website"},"primaryImageOfPage":{"@id":"https:\/\/www.techbarcelona.com\/ca\/emergencia-respiradores-campana-de-la-fundacio-clinic-barcelona\/#primaryimage"},"image":{"@id":"https:\/\/www.techbarcelona.com\/ca\/emergencia-respiradores-campana-de-la-fundacio-clinic-barcelona\/#primaryimage"},"thumbnailUrl":"https:\/\/www.techbarcelona.com\/wp-content\/uploads\/Captura-de-pantalla-2020-03-26-a-las-12.23.12.png","datePublished":"2020-03-25T23:00:00+00:00","breadcrumb":{"@id":"https:\/\/www.techbarcelona.com\/ca\/emergencia-respiradores-campana-de-la-fundacio-clinic-barcelona\/#breadcrumb"},"inLanguage":"ca","potentialAction":[{"@type":"ReadAction","target":["https:\/\/www.techbarcelona.com\/ca\/emergencia-respiradores-campana-de-la-fundacio-clinic-barcelona\/"]}]},{"@type":"ImageObject","inLanguage":"ca","@id":"https:\/\/www.techbarcelona.com\/ca\/emergencia-respiradores-campana-de-la-fundacio-clinic-barcelona\/#primaryimage","url":"https:\/\/www.techbarcelona.com\/wp-content\/uploads\/Captura-de-pantalla-2020-03-26-a-las-12.23.12.png","contentUrl":"https:\/\/www.techbarcelona.com\/wp-content\/uploads\/Captura-de-pantalla-2020-03-26-a-las-12.23.12.png","width":1436,"height":788},{"@type":"BreadcrumbList","@id":"https:\/\/www.techbarcelona.com\/ca\/emergencia-respiradores-campana-de-la-fundacio-clinic-barcelona\/#breadcrumb","itemListElement":[{"@type":"ListItem","position":1,"name":"Portada","item":"https:\/\/www.techbarcelona.com\/ca\/"},{"@type":"ListItem","position":2,"name":"Emergencia respiradores: campa\u00f1a de la Fundaci\u00f3 Cl\u00ednic Barcelona"}]},{"@type":"WebSite","@id":"https:\/\/www.techbarcelona.com\/ca\/#website","url":"https:\/\/www.techbarcelona.com\/ca\/","name":"Tech Barcelona","description":"","publisher":{"@id":"https:\/\/www.techbarcelona.com\/ca\/#organization"},"potentialAction":[{"@type":"SearchAction","target":{"@type":"EntryPoint","urlTemplate":"https:\/\/www.techbarcelona.com\/ca\/?s={search_term_string}"},"query-input":{"@type":"PropertyValueSpecification","valueRequired":true,"valueName":"search_term_string"}}],"inLanguage":"ca"},{"@type":"Organization","@id":"https:\/\/www.techbarcelona.com\/ca\/#organization","name":"Tech Barcelona","url":"https:\/\/www.techbarcelona.com\/ca\/","logo":{"@type":"ImageObject","inLanguage":"ca","@id":"https:\/\/www.techbarcelona.com\/ca\/#\/schema\/logo\/image\/","url":"https:\/\/www.techbarcelona.com\/wp-content\/uploads\/logo-tech-bcn-black.png","contentUrl":"https:\/\/www.techbarcelona.com\/wp-content\/uploads\/logo-tech-bcn-black.png","width":347,"height":90,"caption":"Tech Barcelona"},"image":{"@id":"https:\/\/www.techbarcelona.com\/ca\/#\/schema\/logo\/image\/"},"sameAs":["https:\/\/www.facebook.com\/BarcelonaTechCity","https:\/\/x.com\/bcntechcity","https:\/\/www.instagram.com\/bcntechcity\/","https:\/\/www.linkedin.com\/company\/barcelona-tech-city\/","https:\/\/www.youtube.com\/channel\/UCKX-ZX0pM37GRtVNKgr4Rxg"]},{"@type":"Person","@id":"https:\/\/www.techbarcelona.com\/ca\/#\/schema\/person\/cd066d6149f05167faee07c5eeb6052a","name":"wearefirma dev","image":{"@type":"ImageObject","inLanguage":"ca","@id":"https:\/\/secure.gravatar.com\/avatar\/ab2535b1fd4758a82464db417fc5c2cfb853d513b4e2900d8bbd5a4639ffa252?s=96&d=mm&r=g","url":"https:\/\/secure.gravatar.com\/avatar\/ab2535b1fd4758a82464db417fc5c2cfb853d513b4e2900d8bbd5a4639ffa252?s=96&d=mm&r=g","contentUrl":"https:\/\/secure.gravatar.com\/avatar\/ab2535b1fd4758a82464db417fc5c2cfb853d513b4e2900d8bbd5a4639ffa252?s=96&d=mm&r=g","caption":"wearefirma dev"},"sameAs":["https:\/\/holarafa.com"]}]}},"_links":{"self":[{"href":"https:\/\/www.techbarcelona.com\/ca\/wp-json\/wp\/v2\/posts\/20739","targetHints":{"allow":["GET"]}}],"collection":[{"href":"https:\/\/www.techbarcelona.com\/ca\/wp-json\/wp\/v2\/posts"}],"about":[{"href":"https:\/\/www.techbarcelona.com\/ca\/wp-json\/wp\/v2\/types\/post"}],"author":[{"embeddable":true,"href":"https:\/\/www.techbarcelona.com\/ca\/wp-json\/wp\/v2\/users\/1"}],"replies":[{"embeddable":true,"href":"https:\/\/www.techbarcelona.com\/ca\/wp-json\/wp\/v2\/comments?post=20739"}],"version-history":[{"count":0,"href":"https:\/\/www.techbarcelona.com\/ca\/wp-json\/wp\/v2\/posts\/20739\/revisions"}],"wp:featuredmedia":[{"embeddable":true,"href":"https:\/\/www.techbarcelona.com\/ca\/wp-json\/wp\/v2\/media\/20287"}],"wp:attachment":[{"href":"https:\/\/www.techbarcelona.com\/ca\/wp-json\/wp\/v2\/media?parent=20739"}],"wp:term":[{"taxonomy":"category","embeddable":true,"href":"https:\/\/www.techbarcelona.com\/ca\/wp-json\/wp\/v2\/categories?post=20739"},{"taxonomy":"post_tag","embeddable":true,"href":"https:\/\/www.techbarcelona.com\/ca\/wp-json\/wp\/v2\/tags?post=20739"}],"curies":[{"name":"wp","href":"https:\/\/api.w.org\/{rel}","templated":true}]}}