{"id":20843,"date":"2021-03-24T00:00:00","date_gmt":"2021-03-23T23:00:00","guid":{"rendered":"https:\/\/techbcndev.wearefirma.com\/barcelona-tech-city-refuerza-su-junta-directiva-con-diez-nuevas-incorporaciones\/"},"modified":"2021-03-24T00:00:00","modified_gmt":"2021-03-23T23:00:00","slug":"barcelona-tech-city-refuerza-su-junta-directiva-con-diez-nuevas-incorporaciones","status":"publish","type":"post","link":"https:\/\/www.techbarcelona.com\/ca\/barcelona-tech-city-refuerza-su-junta-directiva-con-diez-nuevas-incorporaciones\/","title":{"rendered":"Barcelona Tech City refuerza su junta directiva  con diez nuevas incorporaciones"},"content":{"rendered":"<p>Barcelona Tech City ha incorporado a diez nuevos miembros a su junta directiva, que aportar\u00e1n y ampliar\u00e1n la visi\u00f3n de la asociaci\u00f3n en sectores estrat\u00e9gicos para el ecosistema. Se incorporan Ana Maiques (Neuroelectrics),\u00a0Mariona Sanz (Girbau),\u00a0Carmen R\u00edos (Limbix),\u00a0Rub\u00e9n Ferreiro (Grupo Viko), Josep Llu\u00eds Sanfeliu (Asabys Partners), Ernest Quingles (Epson), Enric Jov\u00e9 (McCann),\u00a0Marc Murtra (Closa), Pere Vall\u00e8s (Exoticca) e Ignasi Vilajosana (Worldsensing).<\/p>\n<p>Todos ellos son reconocidos emprendedores que han liderado startups de \u00e9xito y profesionales de la inversi\u00f3n en tecnolog\u00eda y representantes de corporaciones de referencia, con experiencia en sectores como la industria y la salud, que refuerzan la apuesta tecnol\u00f3gica de la asociaci\u00f3n para consolidarse como el referente del ecosistema de Barcelona.<\/p>\n<p>La Junta Directiva, tras ser elegida por unanimidad en la \u00faltima Asamblea General de Socios de Barcelona Tech City, queda compuesta por el siguiente <a href=\"https:\/\/barcelonatechcity.com\/board\/\">equipo<\/a>:<\/p>\n<p><a href=\"https:\/\/www.linkedin.com\/in\/miguel-vicente-5348358\/\" target=\"_blank\" rel=\"noopener\">Miguel Vicente<\/a>, Presidente<br \/>\n<a href=\"https:\/\/www.linkedin.com\/in\/ignasi-costas\/\">Ignasi Costas<\/a>, Secretario General<br \/>\n<a href=\"https:\/\/www.linkedin.com\/in\/marcelrafart\/\">Marcel Rafart<\/a>,\u00a0Vicepresidente 1\u00ba<br \/>\n<a href=\"https:\/\/www.linkedin.com\/in\/lucas-carn\u00e9-carcas-28b97b3\/\">Lucas Carn\u00e9<\/a>, Vicepresidente 2\u00ba<br \/>\n<a href=\"https:\/\/www.linkedin.com\/in\/didaclee\/\">D\u00eddac Lee<\/a>, Vicepresidente 3\u00ba<br \/>\n<a href=\"https:\/\/www.linkedin.com\/in\/miguel-planas-arruti-6957a224\/\">Miguel Planas<\/a>, Vicepresidente 4\/ Tesorero<br \/>\n<a href=\"https:\/\/www.linkedin.com\/in\/carlosblanco\/\">Carlos Blanco<\/a>, Vicepresidente 5\u00ba<br \/>\n<a href=\"https:\/\/www.linkedin.com\/in\/maralarconbatlle\/\">Mar Alarc\u00f3n<\/a>, Vicepresidenta 6\u00aa<br \/>\n<a href=\"https:\/\/www.linkedin.com\/in\/manuel-mates-garcia-936445\/\">Manuel Mates<\/a>, Vocal<br \/>\n<a href=\"https:\/\/www.linkedin.com\/in\/gerardolive\/\">Gerard Oliv\u00e9<\/a>, Vocal<br \/>\n<a href=\"https:\/\/www.linkedin.com\/in\/inakiecenarro\/\">I\u00f1aki Ecenarro<\/a>, Vocal<br \/>\n<a href=\"https:\/\/www.linkedin.com\/in\/jaumegoma\/\">Jaume Gom\u00e0<\/a>, Vocal<br \/>\n<a href=\"https:\/\/www.linkedin.com\/in\/angelgarciabcn\/\">\u00c1ngel Garc\u00eda<\/a>, Vocal<br \/>\n<a href=\"https:\/\/www.linkedin.com\/in\/mireiamir\/\">Mireia Mir<\/a>, Vocal<br \/>\n<a href=\"https:\/\/www.linkedin.com\/in\/christopherpommerening\/\">Christopher Pommerening<\/a>, Vocal<br \/>\n<a href=\"https:\/\/www.linkedin.com\/in\/carlos-trenchs-sainz-de-la-maza-bb312b\/\">Carlos Trenchs<\/a>, Vocal<br \/>\n<a href=\"https:\/\/www.linkedin.com\/in\/mauprieto\/\">Mauricio Prieto<\/a>, Vocal<br \/>\n<a href=\"https:\/\/www.linkedin.com\/in\/helenatorras\/\">Helena Torras<\/a>, Vocal<br \/>\n<a href=\"https:\/\/www.linkedin.com\/in\/carlotapi\/\">Carlota Pi<\/a>, Vocal<br \/>\n<a href=\"https:\/\/www.linkedin.com\/in\/christianrodriguezfornos\/\">Christian Rodr\u00edguez<\/a>, Vocal<br \/>\n<a href=\"https:\/\/www.linkedin.com\/in\/tdiago\/\">Tom\u00e1s Diago<\/a>, Vocal<br \/>\n<a href=\"https:\/\/www.linkedin.com\/in\/xaviercapellades\/\">Xavier Capellades<\/a>, Vocal<br \/>\n<a href=\"https:\/\/www.linkedin.com\/in\/miguel-valls-8705a0\/\">Miguel Valls<\/a>, Vocal<br \/>\n<a href=\"https:\/\/www.linkedin.com\/in\/rubenferreiro\/\">Rub\u00e9n Ferreiro<\/a>, Vocal<br \/>\n<a href=\"https:\/\/www.linkedin.com\/in\/ana-maiques-b0a0682\/\">Ana Maiques<\/a>, Vocal<br \/>\n<a href=\"https:\/\/www.linkedin.com\/in\/jsanfeliuinvestinlife\/\">Josep Lluis Sanfeliu<\/a>, Vocal<br \/>\n<a href=\"https:\/\/www.linkedin.com\/in\/ernest-quingles-89585b10\/\">Ernest Quingles<\/a>, Vocal<br \/>\n<a href=\"https:\/\/www.linkedin.com\/in\/enricjove\/\">Enric Jov\u00e9<\/a>, Vocal<br \/>\n<a href=\"https:\/\/www.linkedin.com\/in\/mariona-sanz-aus\u00e0s- -a4353814\/\">Mariona Sanz<\/a>, Vocal<br \/>\n<a href=\"https:\/\/www.linkedin.com\/in\/carmenriosbenton\/\">Carmen Rios<\/a>, Vocal<br \/>\n<a href=\"https:\/\/www.linkedin.com\/in\/marc-murtra-31bb7b\/\">Marc Murtra<\/a>, Vocal<br \/>\n<a href=\"https:\/\/www.linkedin.com\/in\/perevalles\/\">Pere Valles<\/a>, Vocal<br \/>\n<a href=\"https:\/\/www.linkedin.com\/in\/vilajosana2009\/\">Ignasi Vilajosana<\/a>, Vocal<\/p>\n<p>\u201cLa composici\u00f3n de la junta directiva pretende reflejar el talento, la experiencia y la ilusi\u00f3n de un grupo de\u00a0emprendedores que compartimos el ADN de Barcelona Tech City. Seguiremos trabajando todos para consolidar el proyecto de Barcelona Tech City y maximizar el impacto del ecosistema\u00a0digital y tecnol\u00f3gico en la ciudad y en la sociedad\u201d, valora Miguel Vicente, presidente de Barcelona Tech City.<\/p>\n<p>Barcelona Tech City cuenta con m\u00e1s de mil socios que representan a m\u00e1s de 1.200 compa\u00f1\u00edas y cuenta con la confianza de m\u00e1s de 70 corporaciones que respaldan el modelo propio de vertebraci\u00f3n del ecosistema. La asociaci\u00f3n, que dirige Miquel Mart\u00ed, trabaja para posicionar Barcelona como hub tecnol\u00f3gico internacional y promover la transformaci\u00f3n del modelo econ\u00f3mico y de los sectores tradicionales a trav\u00e9s de la tecnolog\u00eda. Los ejes de actividad de Barcelona Tech City se centran en promover las conexiones y el conocimiento entre todos los agentes del ecosistema para potenciar el talento, el emprendimiento, la inversi\u00f3n y la competitividad de las empresas; en un contexto de proyecci\u00f3n internacional y cuidando el impacto de la tecnolog\u00eda en la sociedad.<\/p>\n","protected":false},"excerpt":{"rendered":"<p>Barcelona Tech City ha incorporado a diez nuevos miembros a su junta directiva, que aportar\u00e1n y ampliar\u00e1n la visi\u00f3n de la asociaci\u00f3n en sectores estrat\u00e9gicos para el ecosistema. Se incorporan Ana Maiques (Neuroelectrics),\u00a0Mariona Sanz (Girbau),\u00a0Carmen R\u00edos (Limbix),\u00a0Rub\u00e9n Ferreiro (Grupo Viko), Josep Llu\u00eds Sanfeliu (Asabys Partners), Ernest Quingles (Epson), Enric Jov\u00e9 [&hellip;]<\/p>\n","protected":false},"author":1,"featured_media":20548,"comment_status":"closed","ping_status":"closed","sticky":false,"template":"","format":"standard","meta":{"_acf_changed":false,"_mo_disable_npp":"","footnotes":""},"categories":[],"tags":[],"class_list":["post-20843","post","type-post","status-publish","format-standard","has-post-thumbnail","hentry"],"acf":[],"yoast_head":"<!-- This site is optimized with the Yoast SEO plugin v27.5 - https:\/\/yoast.com\/product\/yoast-seo-wordpress\/ -->\n<title>Barcelona Tech City refuerza su junta directiva con diez nuevas incorporaciones - Tech Barcelona<\/title>\n<meta name=\"robots\" content=\"index, follow, max-snippet:-1, max-image-preview:large, max-video-preview:-1\" \/>\n<link rel=\"canonical\" href=\"https:\/\/www.techbarcelona.com\/ca\/barcelona-tech-city-refuerza-su-junta-directiva-con-diez-nuevas-incorporaciones\/\" \/>\n<meta property=\"og:locale\" content=\"ca_ES\" \/>\n<meta property=\"og:type\" content=\"article\" \/>\n<meta property=\"og:title\" content=\"Barcelona Tech City refuerza su junta directiva con diez nuevas incorporaciones - Tech Barcelona\" \/>\n<meta property=\"og:description\" content=\"Barcelona Tech City ha incorporado a diez nuevos miembros a su junta directiva, que aportar\u00e1n y ampliar\u00e1n la visi\u00f3n de la asociaci\u00f3n en sectores estrat\u00e9gicos para el ecosistema. Se incorporan Ana Maiques (Neuroelectrics),\u00a0Mariona Sanz (Girbau),\u00a0Carmen R\u00edos (Limbix),\u00a0Rub\u00e9n Ferreiro (Grupo Viko), Josep Llu\u00eds Sanfeliu (Asabys Partners), Ernest Quingles (Epson), Enric Jov\u00e9 [&hellip;]\" \/>\n<meta property=\"og:url\" content=\"https:\/\/www.techbarcelona.com\/ca\/barcelona-tech-city-refuerza-su-junta-directiva-con-diez-nuevas-incorporaciones\/\" \/>\n<meta property=\"og:site_name\" content=\"Tech Barcelona\" \/>\n<meta property=\"article:publisher\" content=\"https:\/\/www.facebook.com\/BarcelonaTechCity\" \/>\n<meta property=\"article:published_time\" content=\"2021-03-23T23:00:00+00:00\" \/>\n<meta property=\"og:image\" content=\"https:\/\/www.techbarcelona.com\/wp-content\/uploads\/FD8-84081.jpg\" \/>\n\t<meta property=\"og:image:width\" content=\"1000\" \/>\n\t<meta property=\"og:image:height\" content=\"667\" \/>\n\t<meta property=\"og:image:type\" content=\"image\/jpeg\" \/>\n<meta name=\"author\" content=\"wearefirma dev\" \/>\n<meta name=\"twitter:card\" content=\"summary_large_image\" \/>\n<meta name=\"twitter:creator\" content=\"@bcntechcity\" \/>\n<meta name=\"twitter:site\" content=\"@bcntechcity\" \/>\n<meta name=\"twitter:label1\" content=\"Escrit per\" \/>\n\t<meta name=\"twitter:data1\" content=\"wearefirma dev\" \/>\n\t<meta name=\"twitter:label2\" content=\"Temps estimat de lectura\" \/>\n\t<meta name=\"twitter:data2\" content=\"2 minuts\" \/>\n<script type=\"application\/ld+json\" class=\"yoast-schema-graph\">{\"@context\":\"https:\\\/\\\/schema.org\",\"@graph\":[{\"@type\":\"Article\",\"@id\":\"https:\\\/\\\/www.techbarcelona.com\\\/ca\\\/barcelona-tech-city-refuerza-su-junta-directiva-con-diez-nuevas-incorporaciones\\\/#article\",\"isPartOf\":{\"@id\":\"https:\\\/\\\/www.techbarcelona.com\\\/ca\\\/barcelona-tech-city-refuerza-su-junta-directiva-con-diez-nuevas-incorporaciones\\\/\"},\"author\":{\"name\":\"wearefirma dev\",\"@id\":\"https:\\\/\\\/www.techbarcelona.com\\\/ca\\\/#\\\/schema\\\/person\\\/cd066d6149f05167faee07c5eeb6052a\"},\"headline\":\"Barcelona Tech City refuerza su junta directiva con diez nuevas incorporaciones\",\"datePublished\":\"2021-03-23T23:00:00+00:00\",\"mainEntityOfPage\":{\"@id\":\"https:\\\/\\\/www.techbarcelona.com\\\/ca\\\/barcelona-tech-city-refuerza-su-junta-directiva-con-diez-nuevas-incorporaciones\\\/\"},\"wordCount\":470,\"publisher\":{\"@id\":\"https:\\\/\\\/www.techbarcelona.com\\\/ca\\\/#organization\"},\"image\":{\"@id\":\"https:\\\/\\\/www.techbarcelona.com\\\/ca\\\/barcelona-tech-city-refuerza-su-junta-directiva-con-diez-nuevas-incorporaciones\\\/#primaryimage\"},\"thumbnailUrl\":\"https:\\\/\\\/www.techbarcelona.com\\\/wp-content\\\/uploads\\\/FD8-84081.jpg\",\"inLanguage\":\"ca\"},{\"@type\":\"WebPage\",\"@id\":\"https:\\\/\\\/www.techbarcelona.com\\\/ca\\\/barcelona-tech-city-refuerza-su-junta-directiva-con-diez-nuevas-incorporaciones\\\/\",\"url\":\"https:\\\/\\\/www.techbarcelona.com\\\/ca\\\/barcelona-tech-city-refuerza-su-junta-directiva-con-diez-nuevas-incorporaciones\\\/\",\"name\":\"Barcelona Tech City refuerza su junta directiva con diez nuevas incorporaciones - Tech Barcelona\",\"isPartOf\":{\"@id\":\"https:\\\/\\\/www.techbarcelona.com\\\/ca\\\/#website\"},\"primaryImageOfPage\":{\"@id\":\"https:\\\/\\\/www.techbarcelona.com\\\/ca\\\/barcelona-tech-city-refuerza-su-junta-directiva-con-diez-nuevas-incorporaciones\\\/#primaryimage\"},\"image\":{\"@id\":\"https:\\\/\\\/www.techbarcelona.com\\\/ca\\\/barcelona-tech-city-refuerza-su-junta-directiva-con-diez-nuevas-incorporaciones\\\/#primaryimage\"},\"thumbnailUrl\":\"https:\\\/\\\/www.techbarcelona.com\\\/wp-content\\\/uploads\\\/FD8-84081.jpg\",\"datePublished\":\"2021-03-23T23:00:00+00:00\",\"breadcrumb\":{\"@id\":\"https:\\\/\\\/www.techbarcelona.com\\\/ca\\\/barcelona-tech-city-refuerza-su-junta-directiva-con-diez-nuevas-incorporaciones\\\/#breadcrumb\"},\"inLanguage\":\"ca\",\"potentialAction\":[{\"@type\":\"ReadAction\",\"target\":[\"https:\\\/\\\/www.techbarcelona.com\\\/ca\\\/barcelona-tech-city-refuerza-su-junta-directiva-con-diez-nuevas-incorporaciones\\\/\"]}]},{\"@type\":\"ImageObject\",\"inLanguage\":\"ca\",\"@id\":\"https:\\\/\\\/www.techbarcelona.com\\\/ca\\\/barcelona-tech-city-refuerza-su-junta-directiva-con-diez-nuevas-incorporaciones\\\/#primaryimage\",\"url\":\"https:\\\/\\\/www.techbarcelona.com\\\/wp-content\\\/uploads\\\/FD8-84081.jpg\",\"contentUrl\":\"https:\\\/\\\/www.techbarcelona.com\\\/wp-content\\\/uploads\\\/FD8-84081.jpg\",\"width\":1000,\"height\":667},{\"@type\":\"BreadcrumbList\",\"@id\":\"https:\\\/\\\/www.techbarcelona.com\\\/ca\\\/barcelona-tech-city-refuerza-su-junta-directiva-con-diez-nuevas-incorporaciones\\\/#breadcrumb\",\"itemListElement\":[{\"@type\":\"ListItem\",\"position\":1,\"name\":\"Portada\",\"item\":\"https:\\\/\\\/www.techbarcelona.com\\\/ca\\\/\"},{\"@type\":\"ListItem\",\"position\":2,\"name\":\"Barcelona Tech City refuerza su junta directiva con diez nuevas incorporaciones\"}]},{\"@type\":\"WebSite\",\"@id\":\"https:\\\/\\\/www.techbarcelona.com\\\/ca\\\/#website\",\"url\":\"https:\\\/\\\/www.techbarcelona.com\\\/ca\\\/\",\"name\":\"Tech Barcelona\",\"description\":\"\",\"publisher\":{\"@id\":\"https:\\\/\\\/www.techbarcelona.com\\\/ca\\\/#organization\"},\"potentialAction\":[{\"@type\":\"SearchAction\",\"target\":{\"@type\":\"EntryPoint\",\"urlTemplate\":\"https:\\\/\\\/www.techbarcelona.com\\\/ca\\\/?s={search_term_string}\"},\"query-input\":{\"@type\":\"PropertyValueSpecification\",\"valueRequired\":true,\"valueName\":\"search_term_string\"}}],\"inLanguage\":\"ca\"},{\"@type\":\"Organization\",\"@id\":\"https:\\\/\\\/www.techbarcelona.com\\\/ca\\\/#organization\",\"name\":\"Tech Barcelona\",\"url\":\"https:\\\/\\\/www.techbarcelona.com\\\/ca\\\/\",\"logo\":{\"@type\":\"ImageObject\",\"inLanguage\":\"ca\",\"@id\":\"https:\\\/\\\/www.techbarcelona.com\\\/ca\\\/#\\\/schema\\\/logo\\\/image\\\/\",\"url\":\"https:\\\/\\\/www.techbarcelona.com\\\/wp-content\\\/uploads\\\/logo-tech-bcn-black.png\",\"contentUrl\":\"https:\\\/\\\/www.techbarcelona.com\\\/wp-content\\\/uploads\\\/logo-tech-bcn-black.png\",\"width\":347,\"height\":90,\"caption\":\"Tech Barcelona\"},\"image\":{\"@id\":\"https:\\\/\\\/www.techbarcelona.com\\\/ca\\\/#\\\/schema\\\/logo\\\/image\\\/\"},\"sameAs\":[\"https:\\\/\\\/www.facebook.com\\\/BarcelonaTechCity\",\"https:\\\/\\\/x.com\\\/bcntechcity\",\"https:\\\/\\\/www.instagram.com\\\/bcntechcity\\\/\",\"https:\\\/\\\/www.linkedin.com\\\/company\\\/barcelona-tech-city\\\/\",\"https:\\\/\\\/www.youtube.com\\\/channel\\\/UCKX-ZX0pM37GRtVNKgr4Rxg\"]},{\"@type\":\"Person\",\"@id\":\"https:\\\/\\\/www.techbarcelona.com\\\/ca\\\/#\\\/schema\\\/person\\\/cd066d6149f05167faee07c5eeb6052a\",\"name\":\"wearefirma dev\",\"image\":{\"@type\":\"ImageObject\",\"inLanguage\":\"ca\",\"@id\":\"https:\\\/\\\/secure.gravatar.com\\\/avatar\\\/ab2535b1fd4758a82464db417fc5c2cfb853d513b4e2900d8bbd5a4639ffa252?s=96&d=mm&r=g\",\"url\":\"https:\\\/\\\/secure.gravatar.com\\\/avatar\\\/ab2535b1fd4758a82464db417fc5c2cfb853d513b4e2900d8bbd5a4639ffa252?s=96&d=mm&r=g\",\"contentUrl\":\"https:\\\/\\\/secure.gravatar.com\\\/avatar\\\/ab2535b1fd4758a82464db417fc5c2cfb853d513b4e2900d8bbd5a4639ffa252?s=96&d=mm&r=g\",\"caption\":\"wearefirma dev\"},\"sameAs\":[\"https:\\\/\\\/holarafa.com\"]}]}<\/script>\n<!-- \/ Yoast SEO plugin. -->","yoast_head_json":{"title":"Barcelona Tech City refuerza su junta directiva con diez nuevas incorporaciones - Tech Barcelona","robots":{"index":"index","follow":"follow","max-snippet":"max-snippet:-1","max-image-preview":"max-image-preview:large","max-video-preview":"max-video-preview:-1"},"canonical":"https:\/\/www.techbarcelona.com\/ca\/barcelona-tech-city-refuerza-su-junta-directiva-con-diez-nuevas-incorporaciones\/","og_locale":"ca_ES","og_type":"article","og_title":"Barcelona Tech City refuerza su junta directiva con diez nuevas incorporaciones - Tech Barcelona","og_description":"Barcelona Tech City ha incorporado a diez nuevos miembros a su junta directiva, que aportar\u00e1n y ampliar\u00e1n la visi\u00f3n de la asociaci\u00f3n en sectores estrat\u00e9gicos para el ecosistema. Se incorporan Ana Maiques (Neuroelectrics),\u00a0Mariona Sanz (Girbau),\u00a0Carmen R\u00edos (Limbix),\u00a0Rub\u00e9n Ferreiro (Grupo Viko), Josep Llu\u00eds Sanfeliu (Asabys Partners), Ernest Quingles (Epson), Enric Jov\u00e9 [&hellip;]","og_url":"https:\/\/www.techbarcelona.com\/ca\/barcelona-tech-city-refuerza-su-junta-directiva-con-diez-nuevas-incorporaciones\/","og_site_name":"Tech Barcelona","article_publisher":"https:\/\/www.facebook.com\/BarcelonaTechCity","article_published_time":"2021-03-23T23:00:00+00:00","og_image":[{"width":1000,"height":667,"url":"https:\/\/www.techbarcelona.com\/wp-content\/uploads\/FD8-84081.jpg","type":"image\/jpeg"}],"author":"wearefirma dev","twitter_card":"summary_large_image","twitter_creator":"@bcntechcity","twitter_site":"@bcntechcity","twitter_misc":{"Escrit per":"wearefirma dev","Temps estimat de lectura":"2 minuts"},"schema":{"@context":"https:\/\/schema.org","@graph":[{"@type":"Article","@id":"https:\/\/www.techbarcelona.com\/ca\/barcelona-tech-city-refuerza-su-junta-directiva-con-diez-nuevas-incorporaciones\/#article","isPartOf":{"@id":"https:\/\/www.techbarcelona.com\/ca\/barcelona-tech-city-refuerza-su-junta-directiva-con-diez-nuevas-incorporaciones\/"},"author":{"name":"wearefirma dev","@id":"https:\/\/www.techbarcelona.com\/ca\/#\/schema\/person\/cd066d6149f05167faee07c5eeb6052a"},"headline":"Barcelona Tech City refuerza su junta directiva con diez nuevas incorporaciones","datePublished":"2021-03-23T23:00:00+00:00","mainEntityOfPage":{"@id":"https:\/\/www.techbarcelona.com\/ca\/barcelona-tech-city-refuerza-su-junta-directiva-con-diez-nuevas-incorporaciones\/"},"wordCount":470,"publisher":{"@id":"https:\/\/www.techbarcelona.com\/ca\/#organization"},"image":{"@id":"https:\/\/www.techbarcelona.com\/ca\/barcelona-tech-city-refuerza-su-junta-directiva-con-diez-nuevas-incorporaciones\/#primaryimage"},"thumbnailUrl":"https:\/\/www.techbarcelona.com\/wp-content\/uploads\/FD8-84081.jpg","inLanguage":"ca"},{"@type":"WebPage","@id":"https:\/\/www.techbarcelona.com\/ca\/barcelona-tech-city-refuerza-su-junta-directiva-con-diez-nuevas-incorporaciones\/","url":"https:\/\/www.techbarcelona.com\/ca\/barcelona-tech-city-refuerza-su-junta-directiva-con-diez-nuevas-incorporaciones\/","name":"Barcelona Tech City refuerza su junta directiva con diez nuevas incorporaciones - Tech Barcelona","isPartOf":{"@id":"https:\/\/www.techbarcelona.com\/ca\/#website"},"primaryImageOfPage":{"@id":"https:\/\/www.techbarcelona.com\/ca\/barcelona-tech-city-refuerza-su-junta-directiva-con-diez-nuevas-incorporaciones\/#primaryimage"},"image":{"@id":"https:\/\/www.techbarcelona.com\/ca\/barcelona-tech-city-refuerza-su-junta-directiva-con-diez-nuevas-incorporaciones\/#primaryimage"},"thumbnailUrl":"https:\/\/www.techbarcelona.com\/wp-content\/uploads\/FD8-84081.jpg","datePublished":"2021-03-23T23:00:00+00:00","breadcrumb":{"@id":"https:\/\/www.techbarcelona.com\/ca\/barcelona-tech-city-refuerza-su-junta-directiva-con-diez-nuevas-incorporaciones\/#breadcrumb"},"inLanguage":"ca","potentialAction":[{"@type":"ReadAction","target":["https:\/\/www.techbarcelona.com\/ca\/barcelona-tech-city-refuerza-su-junta-directiva-con-diez-nuevas-incorporaciones\/"]}]},{"@type":"ImageObject","inLanguage":"ca","@id":"https:\/\/www.techbarcelona.com\/ca\/barcelona-tech-city-refuerza-su-junta-directiva-con-diez-nuevas-incorporaciones\/#primaryimage","url":"https:\/\/www.techbarcelona.com\/wp-content\/uploads\/FD8-84081.jpg","contentUrl":"https:\/\/www.techbarcelona.com\/wp-content\/uploads\/FD8-84081.jpg","width":1000,"height":667},{"@type":"BreadcrumbList","@id":"https:\/\/www.techbarcelona.com\/ca\/barcelona-tech-city-refuerza-su-junta-directiva-con-diez-nuevas-incorporaciones\/#breadcrumb","itemListElement":[{"@type":"ListItem","position":1,"name":"Portada","item":"https:\/\/www.techbarcelona.com\/ca\/"},{"@type":"ListItem","position":2,"name":"Barcelona Tech City refuerza su junta directiva con diez nuevas incorporaciones"}]},{"@type":"WebSite","@id":"https:\/\/www.techbarcelona.com\/ca\/#website","url":"https:\/\/www.techbarcelona.com\/ca\/","name":"Tech Barcelona","description":"","publisher":{"@id":"https:\/\/www.techbarcelona.com\/ca\/#organization"},"potentialAction":[{"@type":"SearchAction","target":{"@type":"EntryPoint","urlTemplate":"https:\/\/www.techbarcelona.com\/ca\/?s={search_term_string}"},"query-input":{"@type":"PropertyValueSpecification","valueRequired":true,"valueName":"search_term_string"}}],"inLanguage":"ca"},{"@type":"Organization","@id":"https:\/\/www.techbarcelona.com\/ca\/#organization","name":"Tech Barcelona","url":"https:\/\/www.techbarcelona.com\/ca\/","logo":{"@type":"ImageObject","inLanguage":"ca","@id":"https:\/\/www.techbarcelona.com\/ca\/#\/schema\/logo\/image\/","url":"https:\/\/www.techbarcelona.com\/wp-content\/uploads\/logo-tech-bcn-black.png","contentUrl":"https:\/\/www.techbarcelona.com\/wp-content\/uploads\/logo-tech-bcn-black.png","width":347,"height":90,"caption":"Tech Barcelona"},"image":{"@id":"https:\/\/www.techbarcelona.com\/ca\/#\/schema\/logo\/image\/"},"sameAs":["https:\/\/www.facebook.com\/BarcelonaTechCity","https:\/\/x.com\/bcntechcity","https:\/\/www.instagram.com\/bcntechcity\/","https:\/\/www.linkedin.com\/company\/barcelona-tech-city\/","https:\/\/www.youtube.com\/channel\/UCKX-ZX0pM37GRtVNKgr4Rxg"]},{"@type":"Person","@id":"https:\/\/www.techbarcelona.com\/ca\/#\/schema\/person\/cd066d6149f05167faee07c5eeb6052a","name":"wearefirma dev","image":{"@type":"ImageObject","inLanguage":"ca","@id":"https:\/\/secure.gravatar.com\/avatar\/ab2535b1fd4758a82464db417fc5c2cfb853d513b4e2900d8bbd5a4639ffa252?s=96&d=mm&r=g","url":"https:\/\/secure.gravatar.com\/avatar\/ab2535b1fd4758a82464db417fc5c2cfb853d513b4e2900d8bbd5a4639ffa252?s=96&d=mm&r=g","contentUrl":"https:\/\/secure.gravatar.com\/avatar\/ab2535b1fd4758a82464db417fc5c2cfb853d513b4e2900d8bbd5a4639ffa252?s=96&d=mm&r=g","caption":"wearefirma dev"},"sameAs":["https:\/\/holarafa.com"]}]}},"_links":{"self":[{"href":"https:\/\/www.techbarcelona.com\/ca\/wp-json\/wp\/v2\/posts\/20843","targetHints":{"allow":["GET"]}}],"collection":[{"href":"https:\/\/www.techbarcelona.com\/ca\/wp-json\/wp\/v2\/posts"}],"about":[{"href":"https:\/\/www.techbarcelona.com\/ca\/wp-json\/wp\/v2\/types\/post"}],"author":[{"embeddable":true,"href":"https:\/\/www.techbarcelona.com\/ca\/wp-json\/wp\/v2\/users\/1"}],"replies":[{"embeddable":true,"href":"https:\/\/www.techbarcelona.com\/ca\/wp-json\/wp\/v2\/comments?post=20843"}],"version-history":[{"count":0,"href":"https:\/\/www.techbarcelona.com\/ca\/wp-json\/wp\/v2\/posts\/20843\/revisions"}],"wp:featuredmedia":[{"embeddable":true,"href":"https:\/\/www.techbarcelona.com\/ca\/wp-json\/wp\/v2\/media\/20548"}],"wp:attachment":[{"href":"https:\/\/www.techbarcelona.com\/ca\/wp-json\/wp\/v2\/media?parent=20843"}],"wp:term":[{"taxonomy":"category","embeddable":true,"href":"https:\/\/www.techbarcelona.com\/ca\/wp-json\/wp\/v2\/categories?post=20843"},{"taxonomy":"post_tag","embeddable":true,"href":"https:\/\/www.techbarcelona.com\/ca\/wp-json\/wp\/v2\/tags?post=20843"}],"curies":[{"name":"wp","href":"https:\/\/api.w.org\/{rel}","templated":true}]}}