{"id":20855,"date":"2021-04-22T00:00:00","date_gmt":"2021-04-21T22:00:00","guid":{"rendered":"https:\/\/techbcndev.wearefirma.com\/barcelona-impulsa-lurbantech-hub-per-liderar-la-reflexio-i-la-definicio-del-nou-model-de-ciutats\/"},"modified":"2021-04-22T00:00:00","modified_gmt":"2021-04-21T22:00:00","slug":"barcelona-impulsa-lurbantech-hub-per-liderar-la-reflexio-i-la-definicio-del-nou-model-de-ciutats","status":"publish","type":"post","link":"https:\/\/www.techbarcelona.com\/ca\/barcelona-impulsa-lurbantech-hub-per-liderar-la-reflexio-i-la-definicio-del-nou-model-de-ciutats\/","title":{"rendered":"Barcelona impulsa l\u2019Urbantech Hub per liderar la reflexi\u00f3 i la definici\u00f3 del nou model de ciutats"},"content":{"rendered":"<p><strong>El cicle de debats arrenca amb la visi\u00f3 de la cultura de les startups per transformar sectors com la construcci\u00f3 i la mobilitat<\/strong><\/p>\n<p>El projecte liderat per Barcelona Tech City, el Col\u00b7legi d\u2019Arquitectes de Catalunya i l\u2019Institut d\u2019Arquitectura Avan\u00e7ada de Catalunya est\u00e0 obert a la incorporaci\u00f3 d\u2019empreses i institucions<\/p>\n<p>&nbsp;<\/p>\n<p>Barcelona Urbantech Hub ha comen\u00e7at a caminar amb un programa d\u2019activitats i l\u2019objectiu de sumar forces de manera oberta i transparent per donar centralitat a Barcelona i a la seva visi\u00f3 de ciutat humana, ecol\u00f2gica i inclusiva.<\/p>\n<p>L\u2019Urbantech Hub \u00e9s un projecte impulsat per l\u2019Institut d\u2019Arquitectura Avan\u00e7ada de Catalunya (IAAC), Barcelona Tech City i el Col\u00b7legi d\u2019Arquitectes de Catalunya (COAC) per a la investigaci\u00f3 en \u00e0mbits relacionats amb la transici\u00f3 ecol\u00f2gica i digital sobre la ciutat i els edificis i l&#8217;impuls de startups, que pugui atreure i desenvolupar el talent de Barcelona<strong>. <\/strong>Est\u00e0 obert a la incorporaci\u00f3 d\u2019empreses i institucions.<\/p>\n<p><iframe loading=\"lazy\" title=\"YouTube video player\" src=\"https:\/\/www.youtube.com\/embed\/t9xZZe816Yw\" width=\"560\" height=\"315\" frameborder=\"0\" allowfullscreen=\"allowfullscreen\"><\/iframe><\/p>\n<p>\u201cCada 50 anys es produeix una redefinici\u00f3 dels models de ciutat: l\u2019actual conflu\u00e8ncia de les crisis del clima i de la salut fa que sigui el moment de tornar a definir un nou paradigma en la manera de fer ciutats. Barcelona t\u00e9 una tradici\u00f3 hist\u00f2rica en la definici\u00f3 de les maneres de viure\u201d considera <strong>Vicente Guallart<\/strong>, fundador de l\u2019IAAC. \u201c\u00c9s el moment de teixir aliances a Barcelona, amb la nova cultura emprenedora, un lloc per empreses, institucions, per fer les innovacions m\u00e9s radicals\u201d.<\/p>\n<p>\u201cBarcelona t\u00e9 un ecosistema emprenedor tecnol\u00f2gic i digital potent i volem que la seva innovaci\u00f3 es desenvolupi en espais urbans i impregni a la ciutadania. En la reflexi\u00f3 sobre els nous espais urbans hem de sumar els sectors en els quals la ciutat \u00e9s forta (la salut, la log\u00edstica, el comer\u00e7) i per fer-ho necessitem a les startups, les corporacions, institucions, universitats, escoles de negocis&#8230; Hem de fer realitat aquest projecte que ens reforci com la gran capital tecnol\u00f2gica al sud d\u2019Europa\u201d, diu <strong>Miquel Mart\u00ed<\/strong>, conseller delegat de Barcelona Tech City.<\/p>\n<p>La degana del COAC, <strong>Assumpci\u00f3 Puig<\/strong>, destaca el paper de Barcelona com a ciutat mediterr\u00e0nia i inclusiva, on l\u2019arquitectura, l\u2019urbanisme i les enginyeries tenen un paper clau en la qualitat de vida dels seus habitants. En paral\u00b7lel, els aven\u00e7os en mobilitat i noves tecnologies s\u00f3n imprescindibles per al dinamisme econ\u00f2mic.<\/p>\n<p>En el marc d\u2019un cicle de debats que dotaran de contingut el Barcelona Urbantech Hub, el dimarts es va celebrar, amb m\u00e9s de 400 persones connectades, una sessi\u00f3 en la qual professionals de reconegut prestigi local i internacional van presentar sis projectes que expressen com la cultura de les startups pot aportar a la transformaci\u00f3 de les ciutats, amb uns models d\u2019innovaci\u00f3 que incorporen la flexibilitat, la sostenibilitat i l\u2019escalabilitat.<\/p>\n<h5><strong>Construcci\u00f3\u00a0<\/strong><\/h5>\n<p>La construcci\u00f3 \u00e9s un dels pocs sectors on la tecnologia encara no ha impactat amb for\u00e7a. Projectes com 011h o Noumena estan transformant el sector a trav\u00e9s dels nous materials, l\u2019\u00fas de les dades i la sostenibilitat. \u201cEstem treballant en un nou material per a \u00a0la impressi\u00f3 3D que absorbeix els contaminants\u201d, explica <strong>Aldo Sollazzo<\/strong>, arquitecte expert en impressi\u00f3 digital i en visi\u00f3 artificial, fundador de l\u2019empresa Noumena i codirector del m\u00e0ster de rob\u00f2tica del IAAC.<\/p>\n<p>Un altre exemple de la innovaci\u00f3 que permetr\u00e0 la transformaci\u00f3 de les ciutats ve de la m\u00e0 de 011h, una constructora de nova generaci\u00f3 que vol liderar la industrialitzaci\u00f3 del sector immobiliari i revolucionar el proc\u00e9s de disseny i construcci\u00f3 d\u2019edificis, aconseguint una reducci\u00f3 de costos i temps d\u2019execuci\u00f3. Segons el seu cofundador <strong>Lucas Carn\u00e9<\/strong>, \u201cla nostra promesa de marca \u00e9s construir m\u00e9s r\u00e0pid, amb fiabilitat, qualitat total i petjada de carboni zero\u201d.<\/p>\n<h5><strong>Mobilitat<\/strong><\/h5>\n<p>Pensar en un nou model de ciutats implica molt m\u00e9s que la construcci\u00f3 d\u2019edificis. Un dels grans reptes tamb\u00e9 \u00e9s la mobilitat. En aquest sentit <strong>Laia Pag\u00e8s<\/strong>, del consorci\u00a0 Carnet (Seat, Volkswagen i UPC), creu que evolucionarem cap a unes ciutats \u201cm\u00e9s tecnol\u00f2giques, menys de propietat, m\u00e9s connectades, aut\u00f2nomes i sostenibles\u201d. La transici\u00f3 cap aquest model ha de ser transversal i hi tindran molt a dir institucions com EIT Mobility. El seu director general, <strong>Daniel Serra<\/strong>, creu que Europa ha de ser pionera en les ciutats del futur, \u201cel nostre objectiu \u00e9s agilitzar el proc\u00e9s de digitalitzaci\u00f3, tenim la seu a Barcelona i creiem que a Europa tenim ciutats potents per liderar el canvi\u201d.<\/p>\n<h5><strong>Investigaci\u00f3<\/strong><\/h5>\n<p>El disseny de l\u2019espai urb\u00e0 \u00e9s decisiu en la forma de com es relacionen els ciutadans. <strong>Ram\u00f3n Gras<\/strong> \u00e9s investigador a Boston i co-fundador d\u2019Aretian i desenvolupa projectes arreu del m\u00f3n que integren art i ci\u00e8ncia per fer enginyeria civil de qualitat.<\/p>\n<h5><strong>Acceleraci\u00f3<\/strong><\/h5>\n<p>UrbanX \u00e9s una acceleradora per startups d&#8217;urban tech. Establerta als Estats Units i recolzada per MINI i Urban Us, aposta per les noves tecnologies per crear ciutats tecnol\u00f2giques i sostenibles. El seu programa d\u2019acceleraci\u00f3 inverteix en m\u00e9s de seixanta startups per fomentar la innovaci\u00f3 en el sector urb\u00e0. <strong>Miriam Roure<\/strong>, directora de projectes a UrbanX, considera que la col\u00b7laboraci\u00f3 \u00e9s imprescindible per impulsar el nou model de ciutat, \u201cles empreses tenen reptes molt similars i es poden ajudar. La iniciativa Urban Tech Hub t\u00e9 la capacitat de reunir iniciatives i capital per crear valor\u201d.<\/p>\n<p>El Barcelona UrbanTech Hub ser\u00e0 la plataforma per aglutinar a institucions, empreses i professionals que impulsen a trav\u00e9s de la innovaci\u00f3 i la tecnologia la transformaci\u00f3 cap a un nou model de ciutat sostenible.<\/p>\n<p>El HUB permetr\u00e0 el desenvolupament de programes d\u2019educaci\u00f3, impulsar\u00e0 la recerca vinculada a\u00a0 l\u2019impacte de les tecnologies de la informaci\u00f3 i la transformaci\u00f3 ecol\u00f2gica de les ciutats, incloent-hi un gran laboratori de fabricaci\u00f3 digital. Comptar\u00e0 a m\u00e9s amb una Co-Factory i Hub de startups i d\u2019emprenedors d\u2019Urbantech, i laboratoris de grans empreses per crear el pol d\u2019innovaci\u00f3 urbana m\u00e9s important del sud d\u2019Europa. Tamb\u00e9 promour\u00e0 un programa de difusi\u00f3 amb un espai d\u2019exposicions, confer\u00e8ncies i esdeveniments oberts a professionals i als ciutadans. El HUB estar\u00e0 obert al desenvolupament de projectes amb la ciutadania incloent programes d&#8217;innovaci\u00f3 oberta i de desenvolupament de projectes pilot. Per donar cabuda al conjunt d&#8217;activitats previstes la superf\u00edcie necess\u00e0ria estimada \u00e9s d\u2019uns 25.000 m2 i ja s&#8217;ha comen\u00e7at treballar en la localitzaci\u00f3 de possibles empla\u00e7aments.<\/p>\n<p>El centre formar\u00e0 part de l\u2019Urban Tech Campus, que \u00e9s un dels projectes m\u00e9s visibles de Barcelona Tech City: una xarxa d\u2019edificis singulars que actuen d\u2019eix vertebrador del networking i del coneixement\u00a0 i permeten que la innovaci\u00f3 i la tecnologia s\u2019integrin a la ciutat i involucrin i convisquin amb els ciutadans.<\/p>\n<p>El Hub d\u2019UrbanTech es podr\u00e0 integrar a la xarxa d\u2019entitats existents o per crear, com la Fab Lab Network, la xarxa de confer\u00e8ncies i exposicions dels col\u00b7legis professionals i noves potencials xarxes d\u2019\u00e0mbit local, estatal i internacional com ara la del programa New European Bauhaus, amb qui ja estan en contacte.<\/p>\n","protected":false},"excerpt":{"rendered":"<p>El cicle de debats arrenca amb la visi\u00f3 de la cultura de les startups per transformar sectors com la construcci\u00f3 i la mobilitat El projecte liderat per Barcelona Tech City, el Col\u00b7legi d\u2019Arquitectes de Catalunya i l\u2019Institut d\u2019Arquitectura Avan\u00e7ada de Catalunya est\u00e0 obert a la incorporaci\u00f3 d\u2019empreses i institucions &nbsp; [&hellip;]<\/p>\n","protected":false},"author":1,"featured_media":11625,"comment_status":"closed","ping_status":"closed","sticky":false,"template":"","format":"standard","meta":{"_acf_changed":false,"_mo_disable_npp":"","footnotes":""},"categories":[],"tags":[],"class_list":["post-20855","post","type-post","status-publish","format-standard","has-post-thumbnail","hentry"],"acf":[],"yoast_head":"<!-- This site is optimized with the Yoast SEO plugin v27.5 - https:\/\/yoast.com\/product\/yoast-seo-wordpress\/ -->\n<title>Barcelona impulsa l\u2019Urbantech Hub per liderar la reflexi\u00f3 i la definici\u00f3 del nou model de ciutats - Tech Barcelona<\/title>\n<meta name=\"robots\" content=\"index, follow, max-snippet:-1, max-image-preview:large, max-video-preview:-1\" \/>\n<link rel=\"canonical\" href=\"https:\/\/www.techbarcelona.com\/ca\/barcelona-impulsa-lurbantech-hub-per-liderar-la-reflexio-i-la-definicio-del-nou-model-de-ciutats\/\" \/>\n<meta property=\"og:locale\" content=\"ca_ES\" \/>\n<meta property=\"og:type\" content=\"article\" \/>\n<meta property=\"og:title\" content=\"Barcelona impulsa l\u2019Urbantech Hub per liderar la reflexi\u00f3 i la definici\u00f3 del nou model de ciutats - Tech Barcelona\" \/>\n<meta property=\"og:description\" content=\"El cicle de debats arrenca amb la visi\u00f3 de la cultura de les startups per transformar sectors com la construcci\u00f3 i la mobilitat El projecte liderat per Barcelona Tech City, el Col\u00b7legi d\u2019Arquitectes de Catalunya i l\u2019Institut d\u2019Arquitectura Avan\u00e7ada de Catalunya est\u00e0 obert a la incorporaci\u00f3 d\u2019empreses i institucions &nbsp; [&hellip;]\" \/>\n<meta property=\"og:url\" content=\"https:\/\/www.techbarcelona.com\/ca\/barcelona-impulsa-lurbantech-hub-per-liderar-la-reflexio-i-la-definicio-del-nou-model-de-ciutats\/\" \/>\n<meta property=\"og:site_name\" content=\"Tech Barcelona\" \/>\n<meta property=\"article:publisher\" content=\"https:\/\/www.facebook.com\/BarcelonaTechCity\" \/>\n<meta property=\"article:published_time\" content=\"2021-04-21T22:00:00+00:00\" \/>\n<meta property=\"og:image\" content=\"https:\/\/www.techbarcelona.com\/wp-content\/uploads\/photo-1583422409516-2895a77efded.jpeg\" \/>\n\t<meta property=\"og:image:width\" content=\"800\" \/>\n\t<meta property=\"og:image:height\" content=\"533\" \/>\n\t<meta property=\"og:image:type\" content=\"image\/jpeg\" \/>\n<meta name=\"author\" content=\"wearefirma dev\" \/>\n<meta name=\"twitter:card\" content=\"summary_large_image\" \/>\n<meta name=\"twitter:creator\" content=\"@bcntechcity\" \/>\n<meta name=\"twitter:site\" content=\"@bcntechcity\" \/>\n<meta name=\"twitter:label1\" content=\"Escrit per\" \/>\n\t<meta name=\"twitter:data1\" content=\"wearefirma dev\" \/>\n\t<meta name=\"twitter:label2\" content=\"Temps estimat de lectura\" \/>\n\t<meta name=\"twitter:data2\" content=\"6 minuts\" \/>\n<script type=\"application\/ld+json\" class=\"yoast-schema-graph\">{\"@context\":\"https:\\\/\\\/schema.org\",\"@graph\":[{\"@type\":\"Article\",\"@id\":\"https:\\\/\\\/www.techbarcelona.com\\\/ca\\\/barcelona-impulsa-lurbantech-hub-per-liderar-la-reflexio-i-la-definicio-del-nou-model-de-ciutats\\\/#article\",\"isPartOf\":{\"@id\":\"https:\\\/\\\/www.techbarcelona.com\\\/ca\\\/barcelona-impulsa-lurbantech-hub-per-liderar-la-reflexio-i-la-definicio-del-nou-model-de-ciutats\\\/\"},\"author\":{\"name\":\"wearefirma dev\",\"@id\":\"https:\\\/\\\/www.techbarcelona.com\\\/ca\\\/#\\\/schema\\\/person\\\/cd066d6149f05167faee07c5eeb6052a\"},\"headline\":\"Barcelona impulsa l\u2019Urbantech Hub per liderar la reflexi\u00f3 i la definici\u00f3 del nou model de ciutats\",\"datePublished\":\"2021-04-21T22:00:00+00:00\",\"mainEntityOfPage\":{\"@id\":\"https:\\\/\\\/www.techbarcelona.com\\\/ca\\\/barcelona-impulsa-lurbantech-hub-per-liderar-la-reflexio-i-la-definicio-del-nou-model-de-ciutats\\\/\"},\"wordCount\":1224,\"publisher\":{\"@id\":\"https:\\\/\\\/www.techbarcelona.com\\\/ca\\\/#organization\"},\"image\":{\"@id\":\"https:\\\/\\\/www.techbarcelona.com\\\/ca\\\/barcelona-impulsa-lurbantech-hub-per-liderar-la-reflexio-i-la-definicio-del-nou-model-de-ciutats\\\/#primaryimage\"},\"thumbnailUrl\":\"https:\\\/\\\/www.techbarcelona.com\\\/wp-content\\\/uploads\\\/photo-1583422409516-2895a77efded.jpeg\",\"inLanguage\":\"ca\"},{\"@type\":\"WebPage\",\"@id\":\"https:\\\/\\\/www.techbarcelona.com\\\/ca\\\/barcelona-impulsa-lurbantech-hub-per-liderar-la-reflexio-i-la-definicio-del-nou-model-de-ciutats\\\/\",\"url\":\"https:\\\/\\\/www.techbarcelona.com\\\/ca\\\/barcelona-impulsa-lurbantech-hub-per-liderar-la-reflexio-i-la-definicio-del-nou-model-de-ciutats\\\/\",\"name\":\"Barcelona impulsa l\u2019Urbantech Hub per liderar la reflexi\u00f3 i la definici\u00f3 del nou model de ciutats - Tech Barcelona\",\"isPartOf\":{\"@id\":\"https:\\\/\\\/www.techbarcelona.com\\\/ca\\\/#website\"},\"primaryImageOfPage\":{\"@id\":\"https:\\\/\\\/www.techbarcelona.com\\\/ca\\\/barcelona-impulsa-lurbantech-hub-per-liderar-la-reflexio-i-la-definicio-del-nou-model-de-ciutats\\\/#primaryimage\"},\"image\":{\"@id\":\"https:\\\/\\\/www.techbarcelona.com\\\/ca\\\/barcelona-impulsa-lurbantech-hub-per-liderar-la-reflexio-i-la-definicio-del-nou-model-de-ciutats\\\/#primaryimage\"},\"thumbnailUrl\":\"https:\\\/\\\/www.techbarcelona.com\\\/wp-content\\\/uploads\\\/photo-1583422409516-2895a77efded.jpeg\",\"datePublished\":\"2021-04-21T22:00:00+00:00\",\"breadcrumb\":{\"@id\":\"https:\\\/\\\/www.techbarcelona.com\\\/ca\\\/barcelona-impulsa-lurbantech-hub-per-liderar-la-reflexio-i-la-definicio-del-nou-model-de-ciutats\\\/#breadcrumb\"},\"inLanguage\":\"ca\",\"potentialAction\":[{\"@type\":\"ReadAction\",\"target\":[\"https:\\\/\\\/www.techbarcelona.com\\\/ca\\\/barcelona-impulsa-lurbantech-hub-per-liderar-la-reflexio-i-la-definicio-del-nou-model-de-ciutats\\\/\"]}]},{\"@type\":\"ImageObject\",\"inLanguage\":\"ca\",\"@id\":\"https:\\\/\\\/www.techbarcelona.com\\\/ca\\\/barcelona-impulsa-lurbantech-hub-per-liderar-la-reflexio-i-la-definicio-del-nou-model-de-ciutats\\\/#primaryimage\",\"url\":\"https:\\\/\\\/www.techbarcelona.com\\\/wp-content\\\/uploads\\\/photo-1583422409516-2895a77efded.jpeg\",\"contentUrl\":\"https:\\\/\\\/www.techbarcelona.com\\\/wp-content\\\/uploads\\\/photo-1583422409516-2895a77efded.jpeg\",\"width\":800,\"height\":533},{\"@type\":\"BreadcrumbList\",\"@id\":\"https:\\\/\\\/www.techbarcelona.com\\\/ca\\\/barcelona-impulsa-lurbantech-hub-per-liderar-la-reflexio-i-la-definicio-del-nou-model-de-ciutats\\\/#breadcrumb\",\"itemListElement\":[{\"@type\":\"ListItem\",\"position\":1,\"name\":\"Portada\",\"item\":\"https:\\\/\\\/www.techbarcelona.com\\\/ca\\\/\"},{\"@type\":\"ListItem\",\"position\":2,\"name\":\"Barcelona impulsa l\u2019Urbantech Hub per liderar la reflexi\u00f3 i la definici\u00f3 del nou model de ciutats\"}]},{\"@type\":\"WebSite\",\"@id\":\"https:\\\/\\\/www.techbarcelona.com\\\/ca\\\/#website\",\"url\":\"https:\\\/\\\/www.techbarcelona.com\\\/ca\\\/\",\"name\":\"Tech Barcelona\",\"description\":\"\",\"publisher\":{\"@id\":\"https:\\\/\\\/www.techbarcelona.com\\\/ca\\\/#organization\"},\"potentialAction\":[{\"@type\":\"SearchAction\",\"target\":{\"@type\":\"EntryPoint\",\"urlTemplate\":\"https:\\\/\\\/www.techbarcelona.com\\\/ca\\\/?s={search_term_string}\"},\"query-input\":{\"@type\":\"PropertyValueSpecification\",\"valueRequired\":true,\"valueName\":\"search_term_string\"}}],\"inLanguage\":\"ca\"},{\"@type\":\"Organization\",\"@id\":\"https:\\\/\\\/www.techbarcelona.com\\\/ca\\\/#organization\",\"name\":\"Tech Barcelona\",\"url\":\"https:\\\/\\\/www.techbarcelona.com\\\/ca\\\/\",\"logo\":{\"@type\":\"ImageObject\",\"inLanguage\":\"ca\",\"@id\":\"https:\\\/\\\/www.techbarcelona.com\\\/ca\\\/#\\\/schema\\\/logo\\\/image\\\/\",\"url\":\"https:\\\/\\\/www.techbarcelona.com\\\/wp-content\\\/uploads\\\/logo-tech-bcn-black.png\",\"contentUrl\":\"https:\\\/\\\/www.techbarcelona.com\\\/wp-content\\\/uploads\\\/logo-tech-bcn-black.png\",\"width\":347,\"height\":90,\"caption\":\"Tech Barcelona\"},\"image\":{\"@id\":\"https:\\\/\\\/www.techbarcelona.com\\\/ca\\\/#\\\/schema\\\/logo\\\/image\\\/\"},\"sameAs\":[\"https:\\\/\\\/www.facebook.com\\\/BarcelonaTechCity\",\"https:\\\/\\\/x.com\\\/bcntechcity\",\"https:\\\/\\\/www.instagram.com\\\/bcntechcity\\\/\",\"https:\\\/\\\/www.linkedin.com\\\/company\\\/barcelona-tech-city\\\/\",\"https:\\\/\\\/www.youtube.com\\\/channel\\\/UCKX-ZX0pM37GRtVNKgr4Rxg\"]},{\"@type\":\"Person\",\"@id\":\"https:\\\/\\\/www.techbarcelona.com\\\/ca\\\/#\\\/schema\\\/person\\\/cd066d6149f05167faee07c5eeb6052a\",\"name\":\"wearefirma dev\",\"image\":{\"@type\":\"ImageObject\",\"inLanguage\":\"ca\",\"@id\":\"https:\\\/\\\/secure.gravatar.com\\\/avatar\\\/ab2535b1fd4758a82464db417fc5c2cfb853d513b4e2900d8bbd5a4639ffa252?s=96&d=mm&r=g\",\"url\":\"https:\\\/\\\/secure.gravatar.com\\\/avatar\\\/ab2535b1fd4758a82464db417fc5c2cfb853d513b4e2900d8bbd5a4639ffa252?s=96&d=mm&r=g\",\"contentUrl\":\"https:\\\/\\\/secure.gravatar.com\\\/avatar\\\/ab2535b1fd4758a82464db417fc5c2cfb853d513b4e2900d8bbd5a4639ffa252?s=96&d=mm&r=g\",\"caption\":\"wearefirma dev\"},\"sameAs\":[\"https:\\\/\\\/holarafa.com\"]}]}<\/script>\n<!-- \/ Yoast SEO plugin. -->","yoast_head_json":{"title":"Barcelona impulsa l\u2019Urbantech Hub per liderar la reflexi\u00f3 i la definici\u00f3 del nou model de ciutats - Tech Barcelona","robots":{"index":"index","follow":"follow","max-snippet":"max-snippet:-1","max-image-preview":"max-image-preview:large","max-video-preview":"max-video-preview:-1"},"canonical":"https:\/\/www.techbarcelona.com\/ca\/barcelona-impulsa-lurbantech-hub-per-liderar-la-reflexio-i-la-definicio-del-nou-model-de-ciutats\/","og_locale":"ca_ES","og_type":"article","og_title":"Barcelona impulsa l\u2019Urbantech Hub per liderar la reflexi\u00f3 i la definici\u00f3 del nou model de ciutats - Tech Barcelona","og_description":"El cicle de debats arrenca amb la visi\u00f3 de la cultura de les startups per transformar sectors com la construcci\u00f3 i la mobilitat El projecte liderat per Barcelona Tech City, el Col\u00b7legi d\u2019Arquitectes de Catalunya i l\u2019Institut d\u2019Arquitectura Avan\u00e7ada de Catalunya est\u00e0 obert a la incorporaci\u00f3 d\u2019empreses i institucions &nbsp; [&hellip;]","og_url":"https:\/\/www.techbarcelona.com\/ca\/barcelona-impulsa-lurbantech-hub-per-liderar-la-reflexio-i-la-definicio-del-nou-model-de-ciutats\/","og_site_name":"Tech Barcelona","article_publisher":"https:\/\/www.facebook.com\/BarcelonaTechCity","article_published_time":"2021-04-21T22:00:00+00:00","og_image":[{"width":800,"height":533,"url":"https:\/\/www.techbarcelona.com\/wp-content\/uploads\/photo-1583422409516-2895a77efded.jpeg","type":"image\/jpeg"}],"author":"wearefirma dev","twitter_card":"summary_large_image","twitter_creator":"@bcntechcity","twitter_site":"@bcntechcity","twitter_misc":{"Escrit per":"wearefirma dev","Temps estimat de lectura":"6 minuts"},"schema":{"@context":"https:\/\/schema.org","@graph":[{"@type":"Article","@id":"https:\/\/www.techbarcelona.com\/ca\/barcelona-impulsa-lurbantech-hub-per-liderar-la-reflexio-i-la-definicio-del-nou-model-de-ciutats\/#article","isPartOf":{"@id":"https:\/\/www.techbarcelona.com\/ca\/barcelona-impulsa-lurbantech-hub-per-liderar-la-reflexio-i-la-definicio-del-nou-model-de-ciutats\/"},"author":{"name":"wearefirma dev","@id":"https:\/\/www.techbarcelona.com\/ca\/#\/schema\/person\/cd066d6149f05167faee07c5eeb6052a"},"headline":"Barcelona impulsa l\u2019Urbantech Hub per liderar la reflexi\u00f3 i la definici\u00f3 del nou model de ciutats","datePublished":"2021-04-21T22:00:00+00:00","mainEntityOfPage":{"@id":"https:\/\/www.techbarcelona.com\/ca\/barcelona-impulsa-lurbantech-hub-per-liderar-la-reflexio-i-la-definicio-del-nou-model-de-ciutats\/"},"wordCount":1224,"publisher":{"@id":"https:\/\/www.techbarcelona.com\/ca\/#organization"},"image":{"@id":"https:\/\/www.techbarcelona.com\/ca\/barcelona-impulsa-lurbantech-hub-per-liderar-la-reflexio-i-la-definicio-del-nou-model-de-ciutats\/#primaryimage"},"thumbnailUrl":"https:\/\/www.techbarcelona.com\/wp-content\/uploads\/photo-1583422409516-2895a77efded.jpeg","inLanguage":"ca"},{"@type":"WebPage","@id":"https:\/\/www.techbarcelona.com\/ca\/barcelona-impulsa-lurbantech-hub-per-liderar-la-reflexio-i-la-definicio-del-nou-model-de-ciutats\/","url":"https:\/\/www.techbarcelona.com\/ca\/barcelona-impulsa-lurbantech-hub-per-liderar-la-reflexio-i-la-definicio-del-nou-model-de-ciutats\/","name":"Barcelona impulsa l\u2019Urbantech Hub per liderar la reflexi\u00f3 i la definici\u00f3 del nou model de ciutats - Tech Barcelona","isPartOf":{"@id":"https:\/\/www.techbarcelona.com\/ca\/#website"},"primaryImageOfPage":{"@id":"https:\/\/www.techbarcelona.com\/ca\/barcelona-impulsa-lurbantech-hub-per-liderar-la-reflexio-i-la-definicio-del-nou-model-de-ciutats\/#primaryimage"},"image":{"@id":"https:\/\/www.techbarcelona.com\/ca\/barcelona-impulsa-lurbantech-hub-per-liderar-la-reflexio-i-la-definicio-del-nou-model-de-ciutats\/#primaryimage"},"thumbnailUrl":"https:\/\/www.techbarcelona.com\/wp-content\/uploads\/photo-1583422409516-2895a77efded.jpeg","datePublished":"2021-04-21T22:00:00+00:00","breadcrumb":{"@id":"https:\/\/www.techbarcelona.com\/ca\/barcelona-impulsa-lurbantech-hub-per-liderar-la-reflexio-i-la-definicio-del-nou-model-de-ciutats\/#breadcrumb"},"inLanguage":"ca","potentialAction":[{"@type":"ReadAction","target":["https:\/\/www.techbarcelona.com\/ca\/barcelona-impulsa-lurbantech-hub-per-liderar-la-reflexio-i-la-definicio-del-nou-model-de-ciutats\/"]}]},{"@type":"ImageObject","inLanguage":"ca","@id":"https:\/\/www.techbarcelona.com\/ca\/barcelona-impulsa-lurbantech-hub-per-liderar-la-reflexio-i-la-definicio-del-nou-model-de-ciutats\/#primaryimage","url":"https:\/\/www.techbarcelona.com\/wp-content\/uploads\/photo-1583422409516-2895a77efded.jpeg","contentUrl":"https:\/\/www.techbarcelona.com\/wp-content\/uploads\/photo-1583422409516-2895a77efded.jpeg","width":800,"height":533},{"@type":"BreadcrumbList","@id":"https:\/\/www.techbarcelona.com\/ca\/barcelona-impulsa-lurbantech-hub-per-liderar-la-reflexio-i-la-definicio-del-nou-model-de-ciutats\/#breadcrumb","itemListElement":[{"@type":"ListItem","position":1,"name":"Portada","item":"https:\/\/www.techbarcelona.com\/ca\/"},{"@type":"ListItem","position":2,"name":"Barcelona impulsa l\u2019Urbantech Hub per liderar la reflexi\u00f3 i la definici\u00f3 del nou model de ciutats"}]},{"@type":"WebSite","@id":"https:\/\/www.techbarcelona.com\/ca\/#website","url":"https:\/\/www.techbarcelona.com\/ca\/","name":"Tech Barcelona","description":"","publisher":{"@id":"https:\/\/www.techbarcelona.com\/ca\/#organization"},"potentialAction":[{"@type":"SearchAction","target":{"@type":"EntryPoint","urlTemplate":"https:\/\/www.techbarcelona.com\/ca\/?s={search_term_string}"},"query-input":{"@type":"PropertyValueSpecification","valueRequired":true,"valueName":"search_term_string"}}],"inLanguage":"ca"},{"@type":"Organization","@id":"https:\/\/www.techbarcelona.com\/ca\/#organization","name":"Tech Barcelona","url":"https:\/\/www.techbarcelona.com\/ca\/","logo":{"@type":"ImageObject","inLanguage":"ca","@id":"https:\/\/www.techbarcelona.com\/ca\/#\/schema\/logo\/image\/","url":"https:\/\/www.techbarcelona.com\/wp-content\/uploads\/logo-tech-bcn-black.png","contentUrl":"https:\/\/www.techbarcelona.com\/wp-content\/uploads\/logo-tech-bcn-black.png","width":347,"height":90,"caption":"Tech Barcelona"},"image":{"@id":"https:\/\/www.techbarcelona.com\/ca\/#\/schema\/logo\/image\/"},"sameAs":["https:\/\/www.facebook.com\/BarcelonaTechCity","https:\/\/x.com\/bcntechcity","https:\/\/www.instagram.com\/bcntechcity\/","https:\/\/www.linkedin.com\/company\/barcelona-tech-city\/","https:\/\/www.youtube.com\/channel\/UCKX-ZX0pM37GRtVNKgr4Rxg"]},{"@type":"Person","@id":"https:\/\/www.techbarcelona.com\/ca\/#\/schema\/person\/cd066d6149f05167faee07c5eeb6052a","name":"wearefirma dev","image":{"@type":"ImageObject","inLanguage":"ca","@id":"https:\/\/secure.gravatar.com\/avatar\/ab2535b1fd4758a82464db417fc5c2cfb853d513b4e2900d8bbd5a4639ffa252?s=96&d=mm&r=g","url":"https:\/\/secure.gravatar.com\/avatar\/ab2535b1fd4758a82464db417fc5c2cfb853d513b4e2900d8bbd5a4639ffa252?s=96&d=mm&r=g","contentUrl":"https:\/\/secure.gravatar.com\/avatar\/ab2535b1fd4758a82464db417fc5c2cfb853d513b4e2900d8bbd5a4639ffa252?s=96&d=mm&r=g","caption":"wearefirma dev"},"sameAs":["https:\/\/holarafa.com"]}]}},"_links":{"self":[{"href":"https:\/\/www.techbarcelona.com\/ca\/wp-json\/wp\/v2\/posts\/20855","targetHints":{"allow":["GET"]}}],"collection":[{"href":"https:\/\/www.techbarcelona.com\/ca\/wp-json\/wp\/v2\/posts"}],"about":[{"href":"https:\/\/www.techbarcelona.com\/ca\/wp-json\/wp\/v2\/types\/post"}],"author":[{"embeddable":true,"href":"https:\/\/www.techbarcelona.com\/ca\/wp-json\/wp\/v2\/users\/1"}],"replies":[{"embeddable":true,"href":"https:\/\/www.techbarcelona.com\/ca\/wp-json\/wp\/v2\/comments?post=20855"}],"version-history":[{"count":0,"href":"https:\/\/www.techbarcelona.com\/ca\/wp-json\/wp\/v2\/posts\/20855\/revisions"}],"wp:featuredmedia":[{"embeddable":true,"href":"https:\/\/www.techbarcelona.com\/ca\/wp-json\/wp\/v2\/media\/11625"}],"wp:attachment":[{"href":"https:\/\/www.techbarcelona.com\/ca\/wp-json\/wp\/v2\/media?parent=20855"}],"wp:term":[{"taxonomy":"category","embeddable":true,"href":"https:\/\/www.techbarcelona.com\/ca\/wp-json\/wp\/v2\/categories?post=20855"},{"taxonomy":"post_tag","embeddable":true,"href":"https:\/\/www.techbarcelona.com\/ca\/wp-json\/wp\/v2\/tags?post=20855"}],"curies":[{"name":"wp","href":"https:\/\/api.w.org\/{rel}","templated":true}]}}