{"id":25595,"date":"2021-03-10T00:00:00","date_gmt":"2021-03-09T23:00:00","guid":{"rendered":"https:\/\/www.techbarcelona.com\/posting\/debate-que-competencias-de-it-son-necesarias-para-comenzar-en-el-cloud\/"},"modified":"2021-03-10T00:00:00","modified_gmt":"2021-03-09T23:00:00","slug":"debate-que-competencias-de-it-son-necesarias-para-comenzar-en-el-cloud","status":"publish","type":"posting","link":"https:\/\/www.techbarcelona.com\/en\/posting\/debate-que-competencias-de-it-son-necesarias-para-comenzar-en-el-cloud\/","title":{"rendered":"Debate: \u00bfQu\u00e9 competencias de IT son necesarias para comenzar en el cloud?"},"content":{"rendered":"<p>Debate: https:\/\/bit.ly\/3sMS0nK<\/p>\n<p>A la hora de desplegar nuestro proyecto en el cloud, son muchos los puntos a tener en cuenta de cara a tener \u00e9xito en nuestra misi\u00f3n y lograr la m\u00e1xima eficiencia de los recursos. Puntos como asegurar las competencias necesarias del equipo y una buena planificaci\u00f3n para el despliegue en base al time-to-market nos evitar\u00e1n algunos quebraderos de cabeza a la hora de lidiar con la infraestructura tecnol\u00f3gica de nuestro proyecto empresarial o startup.<\/p>\n<p>\u00bfCrees que lo tienes todo claro? Si no est\u00e1s seguro, te proponemos asistir a este panel, en el que varios ponentes compartir\u00e1n su verdadera experiencia y sus consejos para evitar trampas o acelerar decisiones en cuanto a tecnolog\u00eda, competencias, reclutamiento, etc.<\/p>\n<p>El d\u00eda 17 de marzo, \u00fanete a nuestro panel de expertos que lo han vivido todo:<\/p>\n<p>\u2022 Fermin Manzanedo, CTO y cofundador de TransparentCDN, empresa pionera en el desarrollo de proyectos tecnol\u00f3gicos<\/p>\n<p>\u2022 Alex Dantart, emprendedor, inversor, CTO y cofundador de Moonback, la soluci\u00f3n para compartir mensajes en videos con impacto<\/p>\n<p>\u2022 \u00c1lvaro Moya, CTO y fundador de Lidr.co, ecosistema para lideres tecnol\u00f3gicos que ofrece cursos, mentoring y recursos para futuros CTOs<\/p>\n<p>\u2022 Adri\u00e1n Gonz\u00e1lez, Account Manager y apasionado de tecnolog\u00eda en OVHcloud<\/p>\n<p>La misi\u00f3n de Jonathan Clarke, responsable del OVHcloud Startup Program, ser\u00e1 la de moderar y obtener respuestas antes las preguntas cruciales:<\/p>\n<p>\u2022 Por qu\u00e9 empezar a utilizar el cloud<\/p>\n<p>\u2022 Cu\u00e1les son las tecnolog\u00edas imprescindibles del momento<\/p>\n<p>\u2022 Los retos principales de un CTO y c\u00f3mo resolverlos<\/p>\n<p>\u2022 Con qu\u00e9 recursos externos puede contar un CTO y qu\u00e9 competencias debe buscar al contratar<\/p>\n<p>https:\/\/bit.ly\/3sMS0nK<\/p>\n","protected":false},"excerpt":{"rendered":"<p>Debate: https:\/\/bit.ly\/3sMS0nK A la hora de desplegar nuestro proyecto en el cloud, son muchos los puntos a tener en cuenta de cara a tener \u00e9xito en nuestra misi\u00f3n y lograr la m\u00e1xima eficiencia de los recursos. Puntos como asegurar las competencias necesarias del equipo y una buena planificaci\u00f3n para el [&hellip;]<\/p>\n","protected":false},"template":"","class_list":["post-25595","posting","type-posting","status-publish","hentry"],"acf":[],"yoast_head":"<!-- This site is optimized with the Yoast SEO plugin v27.5 - https:\/\/yoast.com\/product\/yoast-seo-wordpress\/ -->\n<title>Debate: \u00bfQu\u00e9 competencias de IT son necesarias para comenzar en el cloud? - Tech Barcelona<\/title>\n<meta name=\"robots\" content=\"index, follow, max-snippet:-1, max-image-preview:large, max-video-preview:-1\" \/>\n<link rel=\"canonical\" href=\"https:\/\/www.techbarcelona.com\/en\/posting\/debate-que-competencias-de-it-son-necesarias-para-comenzar-en-el-cloud\/\" \/>\n<meta property=\"og:locale\" content=\"en_US\" \/>\n<meta property=\"og:type\" content=\"article\" \/>\n<meta property=\"og:title\" content=\"Debate: \u00bfQu\u00e9 competencias de IT son necesarias para comenzar en el cloud? - Tech Barcelona\" \/>\n<meta property=\"og:description\" content=\"Debate: https:\/\/bit.ly\/3sMS0nK A la hora de desplegar nuestro proyecto en el cloud, son muchos los puntos a tener en cuenta de cara a tener \u00e9xito en nuestra misi\u00f3n y lograr la m\u00e1xima eficiencia de los recursos. Puntos como asegurar las competencias necesarias del equipo y una buena planificaci\u00f3n para el [&hellip;]\" \/>\n<meta property=\"og:url\" content=\"https:\/\/www.techbarcelona.com\/en\/posting\/debate-que-competencias-de-it-son-necesarias-para-comenzar-en-el-cloud\/\" \/>\n<meta property=\"og:site_name\" content=\"Tech Barcelona\" \/>\n<meta property=\"article:publisher\" content=\"https:\/\/www.facebook.com\/BarcelonaTechCity\" \/>\n<meta name=\"twitter:card\" content=\"summary_large_image\" \/>\n<meta name=\"twitter:site\" content=\"@bcntechcity\" \/>\n<meta name=\"twitter:label1\" content=\"Est. reading time\" \/>\n\t<meta name=\"twitter:data1\" content=\"1 minute\" \/>\n<script type=\"application\/ld+json\" class=\"yoast-schema-graph\">{\"@context\":\"https:\\\/\\\/schema.org\",\"@graph\":[{\"@type\":\"WebPage\",\"@id\":\"https:\\\/\\\/www.techbarcelona.com\\\/en\\\/posting\\\/debate-que-competencias-de-it-son-necesarias-para-comenzar-en-el-cloud\\\/\",\"url\":\"https:\\\/\\\/www.techbarcelona.com\\\/en\\\/posting\\\/debate-que-competencias-de-it-son-necesarias-para-comenzar-en-el-cloud\\\/\",\"name\":\"Debate: \u00bfQu\u00e9 competencias de IT son necesarias para comenzar en el cloud? - Tech Barcelona\",\"isPartOf\":{\"@id\":\"https:\\\/\\\/www.techbarcelona.com\\\/en\\\/#website\"},\"datePublished\":\"2021-03-09T23:00:00+00:00\",\"breadcrumb\":{\"@id\":\"https:\\\/\\\/www.techbarcelona.com\\\/en\\\/posting\\\/debate-que-competencias-de-it-son-necesarias-para-comenzar-en-el-cloud\\\/#breadcrumb\"},\"inLanguage\":\"en-US\",\"potentialAction\":[{\"@type\":\"ReadAction\",\"target\":[\"https:\\\/\\\/www.techbarcelona.com\\\/en\\\/posting\\\/debate-que-competencias-de-it-son-necesarias-para-comenzar-en-el-cloud\\\/\"]}]},{\"@type\":\"BreadcrumbList\",\"@id\":\"https:\\\/\\\/www.techbarcelona.com\\\/en\\\/posting\\\/debate-que-competencias-de-it-son-necesarias-para-comenzar-en-el-cloud\\\/#breadcrumb\",\"itemListElement\":[{\"@type\":\"ListItem\",\"position\":1,\"name\":\"Portada\",\"item\":\"https:\\\/\\\/www.techbarcelona.com\\\/en\\\/\"},{\"@type\":\"ListItem\",\"position\":2,\"name\":\"Postings\",\"item\":\"https:\\\/\\\/www.techbarcelona.com\\\/en\\\/posting\\\/\"},{\"@type\":\"ListItem\",\"position\":3,\"name\":\"Debate: \u00bfQu\u00e9 competencias de IT son necesarias para comenzar en el cloud?\"}]},{\"@type\":\"WebSite\",\"@id\":\"https:\\\/\\\/www.techbarcelona.com\\\/en\\\/#website\",\"url\":\"https:\\\/\\\/www.techbarcelona.com\\\/en\\\/\",\"name\":\"Tech Barcelona\",\"description\":\"\",\"publisher\":{\"@id\":\"https:\\\/\\\/www.techbarcelona.com\\\/en\\\/#organization\"},\"potentialAction\":[{\"@type\":\"SearchAction\",\"target\":{\"@type\":\"EntryPoint\",\"urlTemplate\":\"https:\\\/\\\/www.techbarcelona.com\\\/en\\\/?s={search_term_string}\"},\"query-input\":{\"@type\":\"PropertyValueSpecification\",\"valueRequired\":true,\"valueName\":\"search_term_string\"}}],\"inLanguage\":\"en-US\"},{\"@type\":\"Organization\",\"@id\":\"https:\\\/\\\/www.techbarcelona.com\\\/en\\\/#organization\",\"name\":\"Tech Barcelona\",\"url\":\"https:\\\/\\\/www.techbarcelona.com\\\/en\\\/\",\"logo\":{\"@type\":\"ImageObject\",\"inLanguage\":\"en-US\",\"@id\":\"https:\\\/\\\/www.techbarcelona.com\\\/en\\\/#\\\/schema\\\/logo\\\/image\\\/\",\"url\":\"https:\\\/\\\/www.techbarcelona.com\\\/wp-content\\\/uploads\\\/logo-tech-bcn-black.png\",\"contentUrl\":\"https:\\\/\\\/www.techbarcelona.com\\\/wp-content\\\/uploads\\\/logo-tech-bcn-black.png\",\"width\":347,\"height\":90,\"caption\":\"Tech Barcelona\"},\"image\":{\"@id\":\"https:\\\/\\\/www.techbarcelona.com\\\/en\\\/#\\\/schema\\\/logo\\\/image\\\/\"},\"sameAs\":[\"https:\\\/\\\/www.facebook.com\\\/BarcelonaTechCity\",\"https:\\\/\\\/x.com\\\/bcntechcity\",\"https:\\\/\\\/www.instagram.com\\\/bcntechcity\\\/\",\"https:\\\/\\\/www.linkedin.com\\\/company\\\/barcelona-tech-city\\\/\",\"https:\\\/\\\/www.youtube.com\\\/channel\\\/UCKX-ZX0pM37GRtVNKgr4Rxg\"]}]}<\/script>\n<!-- \/ Yoast SEO plugin. -->","yoast_head_json":{"title":"Debate: \u00bfQu\u00e9 competencias de IT son necesarias para comenzar en el cloud? - Tech Barcelona","robots":{"index":"index","follow":"follow","max-snippet":"max-snippet:-1","max-image-preview":"max-image-preview:large","max-video-preview":"max-video-preview:-1"},"canonical":"https:\/\/www.techbarcelona.com\/en\/posting\/debate-que-competencias-de-it-son-necesarias-para-comenzar-en-el-cloud\/","og_locale":"en_US","og_type":"article","og_title":"Debate: \u00bfQu\u00e9 competencias de IT son necesarias para comenzar en el cloud? - Tech Barcelona","og_description":"Debate: https:\/\/bit.ly\/3sMS0nK A la hora de desplegar nuestro proyecto en el cloud, son muchos los puntos a tener en cuenta de cara a tener \u00e9xito en nuestra misi\u00f3n y lograr la m\u00e1xima eficiencia de los recursos. Puntos como asegurar las competencias necesarias del equipo y una buena planificaci\u00f3n para el [&hellip;]","og_url":"https:\/\/www.techbarcelona.com\/en\/posting\/debate-que-competencias-de-it-son-necesarias-para-comenzar-en-el-cloud\/","og_site_name":"Tech Barcelona","article_publisher":"https:\/\/www.facebook.com\/BarcelonaTechCity","twitter_card":"summary_large_image","twitter_site":"@bcntechcity","twitter_misc":{"Est. reading time":"1 minute"},"schema":{"@context":"https:\/\/schema.org","@graph":[{"@type":"WebPage","@id":"https:\/\/www.techbarcelona.com\/en\/posting\/debate-que-competencias-de-it-son-necesarias-para-comenzar-en-el-cloud\/","url":"https:\/\/www.techbarcelona.com\/en\/posting\/debate-que-competencias-de-it-son-necesarias-para-comenzar-en-el-cloud\/","name":"Debate: \u00bfQu\u00e9 competencias de IT son necesarias para comenzar en el cloud? - Tech Barcelona","isPartOf":{"@id":"https:\/\/www.techbarcelona.com\/en\/#website"},"datePublished":"2021-03-09T23:00:00+00:00","breadcrumb":{"@id":"https:\/\/www.techbarcelona.com\/en\/posting\/debate-que-competencias-de-it-son-necesarias-para-comenzar-en-el-cloud\/#breadcrumb"},"inLanguage":"en-US","potentialAction":[{"@type":"ReadAction","target":["https:\/\/www.techbarcelona.com\/en\/posting\/debate-que-competencias-de-it-son-necesarias-para-comenzar-en-el-cloud\/"]}]},{"@type":"BreadcrumbList","@id":"https:\/\/www.techbarcelona.com\/en\/posting\/debate-que-competencias-de-it-son-necesarias-para-comenzar-en-el-cloud\/#breadcrumb","itemListElement":[{"@type":"ListItem","position":1,"name":"Portada","item":"https:\/\/www.techbarcelona.com\/en\/"},{"@type":"ListItem","position":2,"name":"Postings","item":"https:\/\/www.techbarcelona.com\/en\/posting\/"},{"@type":"ListItem","position":3,"name":"Debate: \u00bfQu\u00e9 competencias de IT son necesarias para comenzar en el cloud?"}]},{"@type":"WebSite","@id":"https:\/\/www.techbarcelona.com\/en\/#website","url":"https:\/\/www.techbarcelona.com\/en\/","name":"Tech Barcelona","description":"","publisher":{"@id":"https:\/\/www.techbarcelona.com\/en\/#organization"},"potentialAction":[{"@type":"SearchAction","target":{"@type":"EntryPoint","urlTemplate":"https:\/\/www.techbarcelona.com\/en\/?s={search_term_string}"},"query-input":{"@type":"PropertyValueSpecification","valueRequired":true,"valueName":"search_term_string"}}],"inLanguage":"en-US"},{"@type":"Organization","@id":"https:\/\/www.techbarcelona.com\/en\/#organization","name":"Tech Barcelona","url":"https:\/\/www.techbarcelona.com\/en\/","logo":{"@type":"ImageObject","inLanguage":"en-US","@id":"https:\/\/www.techbarcelona.com\/en\/#\/schema\/logo\/image\/","url":"https:\/\/www.techbarcelona.com\/wp-content\/uploads\/logo-tech-bcn-black.png","contentUrl":"https:\/\/www.techbarcelona.com\/wp-content\/uploads\/logo-tech-bcn-black.png","width":347,"height":90,"caption":"Tech Barcelona"},"image":{"@id":"https:\/\/www.techbarcelona.com\/en\/#\/schema\/logo\/image\/"},"sameAs":["https:\/\/www.facebook.com\/BarcelonaTechCity","https:\/\/x.com\/bcntechcity","https:\/\/www.instagram.com\/bcntechcity\/","https:\/\/www.linkedin.com\/company\/barcelona-tech-city\/","https:\/\/www.youtube.com\/channel\/UCKX-ZX0pM37GRtVNKgr4Rxg"]}]}},"_links":{"self":[{"href":"https:\/\/www.techbarcelona.com\/en\/wp-json\/wp\/v2\/posting\/25595","targetHints":{"allow":["GET"]}}],"collection":[{"href":"https:\/\/www.techbarcelona.com\/en\/wp-json\/wp\/v2\/posting"}],"about":[{"href":"https:\/\/www.techbarcelona.com\/en\/wp-json\/wp\/v2\/types\/posting"}],"wp:attachment":[{"href":"https:\/\/www.techbarcelona.com\/en\/wp-json\/wp\/v2\/media?parent=25595"}],"curies":[{"name":"wp","href":"https:\/\/api.w.org\/{rel}","templated":true}]}}