{"id":71130,"date":"2024-04-29T13:48:39","date_gmt":"2024-04-29T11:48:39","guid":{"rendered":"https:\/\/www.techbarcelona.com\/posting\/ponti-partners-celebra-el-dia-mundial-de-la-propiedad-industrial\/"},"modified":"2024-04-29T13:48:39","modified_gmt":"2024-04-29T11:48:39","slug":"ponti-partners-celebra-el-dia-mundial-de-la-propiedad-industrial","status":"publish","type":"posting","link":"https:\/\/www.techbarcelona.com\/en\/posting\/ponti-partners-celebra-el-dia-mundial-de-la-propiedad-industrial\/","title":{"rendered":"PONTI &#038; PARTNERS celebra el D\u00eda Mundial de la Propiedad Industrial"},"content":{"rendered":"<p class=\"cvGsUA direction-ltr align-justify para-style-body\"><span class=\"OYPEnA text-decoration-none text-strikethrough-none\">El viernes <\/span><span class=\"OYPEnA text-decoration-none text-strikethrough-none\">26 de abril<\/span><span class=\"OYPEnA text-decoration-none text-strikethrough-none\"> se celebra el <\/span><span class=\"OYPEnA text-decoration-none text-strikethrough-none\">D\u00eda Mundial de la Propiedad Intelectual<\/span><span class=\"OYPEnA text-decoration-none text-strikethrough-none\">, impulsado por la Organizaci\u00f3n Mundial de la Propiedad Intelectual (WIPO u OMPI). Este a\u00f1o gira en torno a la relaci\u00f3n entre la Propiedad Industrial (PI) y los <\/span><span class=\"OYPEnA text-decoration-none text-strikethrough-none\">Objetivos de Desarrollo Sostenible<\/span><span class=\"OYPEnA text-decoration-none text-strikethrough-none\"> (ODS) y c\u00f3mo se fomentan soluciones innovadoras y creativas para un mejor futuro com\u00fan.<\/span><\/p>\n<p class=\"cvGsUA direction-ltr align-justify para-style-body\"><span class=\"OYPEnA text-decoration-none text-strikethrough-none\">Para conmemorar este d\u00eda, hemos organizado <\/span><span class=\"OYPEnA text-decoration-none text-strikethrough-none\">un concurso en LinkedIn<\/span><span class=\"OYPEnA text-decoration-none text-strikethrough-none\">, en el marco del cual hemos presentado sociales los siguientes <\/span><span class=\"OYPEnA text-decoration-none text-strikethrough-none\">tres proyectos innovadores<\/span><span class=\"OYPEnA text-decoration-none text-strikethrough-none\"> mediante tres v\u00eddeos a trav\u00e9s de nuestras redes. Han sido escogidos porque encarnan a la perfecci\u00f3n el alma de este d\u00eda: el uso de la innovaci\u00f3n y la creatividad para conseguir soluciones que nos ayuden a crear un mundo mejor.<\/span><\/p>\n<p class=\"cvGsUA direction-ltr align-justify para-style-body\"><span class=\"OYPEnA text-decoration-none text-strikethrough-none\">1) <\/span><span class=\"OYPEnA text-decoration-none text-strikethrough-none\">CONCENTROL<\/span><span class=\"OYPEnA text-decoration-none text-strikethrough-none\">: <\/span><a class=\"OYPEnA text-decoration-underline text-strikethrough-none\" href=\"https:\/\/www.linkedin.com\/feed\/update\/urn:li:activity:7188408770857758720\" target=\"_blank\" rel=\"noopener\">80 a\u00f1os innovando para encontrar soluciones qu\u00edmicas<\/a><span class=\"OYPEnA text-decoration-none text-strikethrough-none\">.<\/span><\/p>\n<p class=\"cvGsUA direction-ltr align-justify para-style-body\"><span class=\"OYPEnA text-decoration-none text-strikethrough-none\">2) <\/span><span class=\"OYPEnA text-decoration-none text-strikethrough-none\">STS TRANSFER LINE<\/span><span class=\"OYPEnA text-decoration-none text-strikethrough-none\">: <\/span><a class=\"OYPEnA text-decoration-underline text-strikethrough-none\" href=\"https:\/\/www.linkedin.com\/feed\/update\/urn:li:activity:7188771167359352832\" target=\"_blank\" rel=\"noopener\">la nueva y eficiente generaci\u00f3n de gr\u00faas portuarias<\/a><span class=\"OYPEnA text-decoration-none text-strikethrough-none\">.<\/span><\/p>\n<p class=\"cvGsUA direction-ltr align-justify para-style-body\"><span class=\"OYPEnA text-decoration-none text-strikethrough-none\">3) <\/span><span class=\"OYPEnA text-decoration-none text-strikethrough-none\">PICVISA<\/span><span class=\"OYPEnA text-decoration-none text-strikethrough-none\">: <\/span><a class=\"OYPEnA text-decoration-underline text-strikethrough-none\" href=\"https:\/\/www.linkedin.com\/posts\/ponti-ip_propiedadindustrial-bcorp-activity-7189133571771482114-Q5Ft?utm_source=share&amp;utm_medium=member_desktop\" target=\"_blank\" rel=\"noopener\">acelerando la transici\u00f3n hacia la econom\u00eda circular<\/a><span class=\"OYPEnA text-decoration-none text-strikethrough-none\">.<\/span><\/p>\n<p class=\"cvGsUA direction-ltr align-justify para-style-body\"><span class=\"OYPEnA text-decoration-none text-strikethrough-none\">Estos proyectos basados en <\/span><span class=\"OYPEnA text-decoration-none text-strikethrough-none\">tecnolog\u00eda innovadora<\/span><span class=\"OYPEnA text-decoration-none text-strikethrough-none\"> representan avances significativos en sus respectivos sectores y muestran el potencial de la innovaci\u00f3n para abordar desaf\u00edos globales.<\/span><\/p>\n<p class=\"cvGsUA direction-ltr align-justify para-style-body\"><span class=\"OYPEnA text-decoration-none text-strikethrough-none\">Os animamos a participar en nuestra <\/span><span class=\"OYPEnA text-decoration-none text-strikethrough-none\">votaci\u00f3n en LinkedIn<\/span><span class=\"OYPEnA text-decoration-none text-strikethrough-none\"> (<\/span><span class=\"OYPEnA text-decoration-none text-strikethrough-none\">@PONTI &amp; PARTNERS<\/span><span class=\"OYPEnA text-decoration-none text-strikethrough-none\">) para apoyar el proyecto que m\u00e1s cre\u00e1is que aporta a la consecuci\u00f3n de los ODS. La votaci\u00f3n estar\u00e1 abierta hasta el viernes <\/span><span class=\"OYPEnA text-decoration-none text-strikethrough-none\">3 de mayo<\/span><span class=\"OYPEnA text-decoration-none text-strikethrough-none\"> y el proyecto m\u00e1s votado recibir\u00e1 un premio, cortes\u00eda de <\/span><span class=\"OYPEnA text-decoration-none text-strikethrough-none\">PONTI &amp; PARTNERS<\/span><span class=\"OYPEnA text-decoration-none text-strikethrough-none\">.<\/span><\/p>\n<p class=\"cvGsUA direction-ltr align-justify para-style-body\"><span class=\"OYPEnA text-decoration-none text-strikethrough-none\">\u00a1Ayuda a que uno de estos proyectos se lleve el gran premio!<\/span><\/p>\n<p class=\"cvGsUA direction-ltr align-justify para-style-body\"><span class=\"OYPEnA text-decoration-none text-strikethrough-none\">Con esta iniciativa esperamos no solo destacar la labor de estos proyectos innovadores, sino tambi\u00e9n resaltar la importancia de la propiedad industrial en la promoci\u00f3n del progreso y la sostenibilidad.<\/span><\/p>\n","protected":false},"excerpt":{"rendered":"<p>El viernes 26 de abril se celebra el D\u00eda Mundial de la Propiedad Intelectual, impulsado por la Organizaci\u00f3n Mundial de la Propiedad Intelectual (WIPO u OMPI). Este a\u00f1o gira en torno a la relaci\u00f3n entre la Propiedad Industrial (PI) y los Objetivos de Desarrollo Sostenible (ODS) y c\u00f3mo se fomentan [&hellip;]<\/p>\n","protected":false},"template":"","class_list":["post-71130","posting","type-posting","status-publish","hentry"],"acf":[],"yoast_head":"<!-- This site is optimized with the Yoast SEO plugin v27.5 - https:\/\/yoast.com\/product\/yoast-seo-wordpress\/ -->\n<title>PONTI &amp; PARTNERS celebra el D\u00eda Mundial de la Propiedad Industrial - Tech Barcelona<\/title>\n<meta name=\"robots\" content=\"index, follow, max-snippet:-1, max-image-preview:large, max-video-preview:-1\" \/>\n<link rel=\"canonical\" href=\"https:\/\/www.techbarcelona.com\/en\/posting\/ponti-partners-celebra-el-dia-mundial-de-la-propiedad-industrial\/\" \/>\n<meta property=\"og:locale\" content=\"en_US\" \/>\n<meta property=\"og:type\" content=\"article\" \/>\n<meta property=\"og:title\" content=\"PONTI &amp; PARTNERS celebra el D\u00eda Mundial de la Propiedad Industrial - Tech Barcelona\" \/>\n<meta property=\"og:description\" content=\"El viernes 26 de abril se celebra el D\u00eda Mundial de la Propiedad Intelectual, impulsado por la Organizaci\u00f3n Mundial de la Propiedad Intelectual (WIPO u OMPI). Este a\u00f1o gira en torno a la relaci\u00f3n entre la Propiedad Industrial (PI) y los Objetivos de Desarrollo Sostenible (ODS) y c\u00f3mo se fomentan [&hellip;]\" \/>\n<meta property=\"og:url\" content=\"https:\/\/www.techbarcelona.com\/en\/posting\/ponti-partners-celebra-el-dia-mundial-de-la-propiedad-industrial\/\" \/>\n<meta property=\"og:site_name\" content=\"Tech Barcelona\" \/>\n<meta property=\"article:publisher\" content=\"https:\/\/www.facebook.com\/BarcelonaTechCity\" \/>\n<meta name=\"twitter:card\" content=\"summary_large_image\" \/>\n<meta name=\"twitter:site\" content=\"@bcntechcity\" \/>\n<meta name=\"twitter:label1\" content=\"Est. reading time\" \/>\n\t<meta name=\"twitter:data1\" content=\"1 minute\" \/>\n<script type=\"application\/ld+json\" class=\"yoast-schema-graph\">{\"@context\":\"https:\\\/\\\/schema.org\",\"@graph\":[{\"@type\":\"WebPage\",\"@id\":\"https:\\\/\\\/www.techbarcelona.com\\\/en\\\/posting\\\/ponti-partners-celebra-el-dia-mundial-de-la-propiedad-industrial\\\/\",\"url\":\"https:\\\/\\\/www.techbarcelona.com\\\/en\\\/posting\\\/ponti-partners-celebra-el-dia-mundial-de-la-propiedad-industrial\\\/\",\"name\":\"PONTI & PARTNERS celebra el D\u00eda Mundial de la Propiedad Industrial - Tech Barcelona\",\"isPartOf\":{\"@id\":\"https:\\\/\\\/www.techbarcelona.com\\\/en\\\/#website\"},\"datePublished\":\"2024-04-29T11:48:39+00:00\",\"breadcrumb\":{\"@id\":\"https:\\\/\\\/www.techbarcelona.com\\\/en\\\/posting\\\/ponti-partners-celebra-el-dia-mundial-de-la-propiedad-industrial\\\/#breadcrumb\"},\"inLanguage\":\"en-US\",\"potentialAction\":[{\"@type\":\"ReadAction\",\"target\":[\"https:\\\/\\\/www.techbarcelona.com\\\/en\\\/posting\\\/ponti-partners-celebra-el-dia-mundial-de-la-propiedad-industrial\\\/\"]}]},{\"@type\":\"BreadcrumbList\",\"@id\":\"https:\\\/\\\/www.techbarcelona.com\\\/en\\\/posting\\\/ponti-partners-celebra-el-dia-mundial-de-la-propiedad-industrial\\\/#breadcrumb\",\"itemListElement\":[{\"@type\":\"ListItem\",\"position\":1,\"name\":\"Portada\",\"item\":\"https:\\\/\\\/www.techbarcelona.com\\\/en\\\/\"},{\"@type\":\"ListItem\",\"position\":2,\"name\":\"Postings\",\"item\":\"https:\\\/\\\/www.techbarcelona.com\\\/en\\\/posting\\\/\"},{\"@type\":\"ListItem\",\"position\":3,\"name\":\"PONTI & PARTNERS celebra el D\u00eda Mundial de la Propiedad Industrial\"}]},{\"@type\":\"WebSite\",\"@id\":\"https:\\\/\\\/www.techbarcelona.com\\\/en\\\/#website\",\"url\":\"https:\\\/\\\/www.techbarcelona.com\\\/en\\\/\",\"name\":\"Tech Barcelona\",\"description\":\"\",\"publisher\":{\"@id\":\"https:\\\/\\\/www.techbarcelona.com\\\/en\\\/#organization\"},\"potentialAction\":[{\"@type\":\"SearchAction\",\"target\":{\"@type\":\"EntryPoint\",\"urlTemplate\":\"https:\\\/\\\/www.techbarcelona.com\\\/en\\\/?s={search_term_string}\"},\"query-input\":{\"@type\":\"PropertyValueSpecification\",\"valueRequired\":true,\"valueName\":\"search_term_string\"}}],\"inLanguage\":\"en-US\"},{\"@type\":\"Organization\",\"@id\":\"https:\\\/\\\/www.techbarcelona.com\\\/en\\\/#organization\",\"name\":\"Tech Barcelona\",\"url\":\"https:\\\/\\\/www.techbarcelona.com\\\/en\\\/\",\"logo\":{\"@type\":\"ImageObject\",\"inLanguage\":\"en-US\",\"@id\":\"https:\\\/\\\/www.techbarcelona.com\\\/en\\\/#\\\/schema\\\/logo\\\/image\\\/\",\"url\":\"https:\\\/\\\/www.techbarcelona.com\\\/wp-content\\\/uploads\\\/logo-tech-bcn-black.png\",\"contentUrl\":\"https:\\\/\\\/www.techbarcelona.com\\\/wp-content\\\/uploads\\\/logo-tech-bcn-black.png\",\"width\":347,\"height\":90,\"caption\":\"Tech Barcelona\"},\"image\":{\"@id\":\"https:\\\/\\\/www.techbarcelona.com\\\/en\\\/#\\\/schema\\\/logo\\\/image\\\/\"},\"sameAs\":[\"https:\\\/\\\/www.facebook.com\\\/BarcelonaTechCity\",\"https:\\\/\\\/x.com\\\/bcntechcity\",\"https:\\\/\\\/www.instagram.com\\\/bcntechcity\\\/\",\"https:\\\/\\\/www.linkedin.com\\\/company\\\/barcelona-tech-city\\\/\",\"https:\\\/\\\/www.youtube.com\\\/channel\\\/UCKX-ZX0pM37GRtVNKgr4Rxg\"]}]}<\/script>\n<!-- \/ Yoast SEO plugin. -->","yoast_head_json":{"title":"PONTI & PARTNERS celebra el D\u00eda Mundial de la Propiedad Industrial - Tech Barcelona","robots":{"index":"index","follow":"follow","max-snippet":"max-snippet:-1","max-image-preview":"max-image-preview:large","max-video-preview":"max-video-preview:-1"},"canonical":"https:\/\/www.techbarcelona.com\/en\/posting\/ponti-partners-celebra-el-dia-mundial-de-la-propiedad-industrial\/","og_locale":"en_US","og_type":"article","og_title":"PONTI & PARTNERS celebra el D\u00eda Mundial de la Propiedad Industrial - Tech Barcelona","og_description":"El viernes 26 de abril se celebra el D\u00eda Mundial de la Propiedad Intelectual, impulsado por la Organizaci\u00f3n Mundial de la Propiedad Intelectual (WIPO u OMPI). Este a\u00f1o gira en torno a la relaci\u00f3n entre la Propiedad Industrial (PI) y los Objetivos de Desarrollo Sostenible (ODS) y c\u00f3mo se fomentan [&hellip;]","og_url":"https:\/\/www.techbarcelona.com\/en\/posting\/ponti-partners-celebra-el-dia-mundial-de-la-propiedad-industrial\/","og_site_name":"Tech Barcelona","article_publisher":"https:\/\/www.facebook.com\/BarcelonaTechCity","twitter_card":"summary_large_image","twitter_site":"@bcntechcity","twitter_misc":{"Est. reading time":"1 minute"},"schema":{"@context":"https:\/\/schema.org","@graph":[{"@type":"WebPage","@id":"https:\/\/www.techbarcelona.com\/en\/posting\/ponti-partners-celebra-el-dia-mundial-de-la-propiedad-industrial\/","url":"https:\/\/www.techbarcelona.com\/en\/posting\/ponti-partners-celebra-el-dia-mundial-de-la-propiedad-industrial\/","name":"PONTI & PARTNERS celebra el D\u00eda Mundial de la Propiedad Industrial - Tech Barcelona","isPartOf":{"@id":"https:\/\/www.techbarcelona.com\/en\/#website"},"datePublished":"2024-04-29T11:48:39+00:00","breadcrumb":{"@id":"https:\/\/www.techbarcelona.com\/en\/posting\/ponti-partners-celebra-el-dia-mundial-de-la-propiedad-industrial\/#breadcrumb"},"inLanguage":"en-US","potentialAction":[{"@type":"ReadAction","target":["https:\/\/www.techbarcelona.com\/en\/posting\/ponti-partners-celebra-el-dia-mundial-de-la-propiedad-industrial\/"]}]},{"@type":"BreadcrumbList","@id":"https:\/\/www.techbarcelona.com\/en\/posting\/ponti-partners-celebra-el-dia-mundial-de-la-propiedad-industrial\/#breadcrumb","itemListElement":[{"@type":"ListItem","position":1,"name":"Portada","item":"https:\/\/www.techbarcelona.com\/en\/"},{"@type":"ListItem","position":2,"name":"Postings","item":"https:\/\/www.techbarcelona.com\/en\/posting\/"},{"@type":"ListItem","position":3,"name":"PONTI & PARTNERS celebra el D\u00eda Mundial de la Propiedad Industrial"}]},{"@type":"WebSite","@id":"https:\/\/www.techbarcelona.com\/en\/#website","url":"https:\/\/www.techbarcelona.com\/en\/","name":"Tech Barcelona","description":"","publisher":{"@id":"https:\/\/www.techbarcelona.com\/en\/#organization"},"potentialAction":[{"@type":"SearchAction","target":{"@type":"EntryPoint","urlTemplate":"https:\/\/www.techbarcelona.com\/en\/?s={search_term_string}"},"query-input":{"@type":"PropertyValueSpecification","valueRequired":true,"valueName":"search_term_string"}}],"inLanguage":"en-US"},{"@type":"Organization","@id":"https:\/\/www.techbarcelona.com\/en\/#organization","name":"Tech Barcelona","url":"https:\/\/www.techbarcelona.com\/en\/","logo":{"@type":"ImageObject","inLanguage":"en-US","@id":"https:\/\/www.techbarcelona.com\/en\/#\/schema\/logo\/image\/","url":"https:\/\/www.techbarcelona.com\/wp-content\/uploads\/logo-tech-bcn-black.png","contentUrl":"https:\/\/www.techbarcelona.com\/wp-content\/uploads\/logo-tech-bcn-black.png","width":347,"height":90,"caption":"Tech Barcelona"},"image":{"@id":"https:\/\/www.techbarcelona.com\/en\/#\/schema\/logo\/image\/"},"sameAs":["https:\/\/www.facebook.com\/BarcelonaTechCity","https:\/\/x.com\/bcntechcity","https:\/\/www.instagram.com\/bcntechcity\/","https:\/\/www.linkedin.com\/company\/barcelona-tech-city\/","https:\/\/www.youtube.com\/channel\/UCKX-ZX0pM37GRtVNKgr4Rxg"]}]}},"_links":{"self":[{"href":"https:\/\/www.techbarcelona.com\/en\/wp-json\/wp\/v2\/posting\/71130","targetHints":{"allow":["GET"]}}],"collection":[{"href":"https:\/\/www.techbarcelona.com\/en\/wp-json\/wp\/v2\/posting"}],"about":[{"href":"https:\/\/www.techbarcelona.com\/en\/wp-json\/wp\/v2\/types\/posting"}],"wp:attachment":[{"href":"https:\/\/www.techbarcelona.com\/en\/wp-json\/wp\/v2\/media?parent=71130"}],"curies":[{"name":"wp","href":"https:\/\/api.w.org\/{rel}","templated":true}]}}