{"id":21035,"date":"2020-12-04T00:00:00","date_gmt":"2020-12-03T23:00:00","guid":{"rendered":"https:\/\/techbcndev.wearefirma.com\/webinar-internacional-ii-de-la-idea-a-la-tecnologia-conquistando-el-mercado-americano-con-ana-maiques-by-accio\/"},"modified":"2020-12-04T00:00:00","modified_gmt":"2020-12-03T23:00:00","slug":"webinar-internacional-ii-de-la-idea-a-la-tecnologia-conquistando-el-mercado-americano-con-ana-maiques-by-accio","status":"publish","type":"post","link":"https:\/\/www.techbarcelona.com\/en\/webinar-internacional-ii-de-la-idea-a-la-tecnologia-conquistando-el-mercado-americano-con-ana-maiques-by-accio\/","title":{"rendered":"Webinar Internacional II &#8211; De la idea a la tecnolog\u00eda conquistando el mercado americano con Ana Maiques | By Acci\u00f3"},"content":{"rendered":"<p>Compartimos el v\u00eddeo del Webinar Internacional II coorganizado con ACCI\u00d3 donde <a href=\"https:\/\/www.linkedin.com\/in\/ana-maiques-b0a0682\/\"><strong>Ana Maiques<\/strong><\/a>, directora general de Neuroelectrics, nos habl\u00f3 de su experiencia de saltar al mercado americano y lecciones que aprendi\u00f3 en este proceso. Entre estos aprendizajes destacan la enorme competencia que se halla en EEUU, la importancia de los datos y la informaci\u00f3n en el mercado americano y el gran valor de los contactos y del networking en general. Adem\u00e1s, tuvieron que adaptarse a la forma de pensar y competir del mercado americano y su mentalidad respecto al mundo empresarial y de la innovaci\u00f3n.<\/p>\n<p><strong>Ana Maiques<\/strong>\u00a0fue nominada por la IESE como una de las emprendedoras menores de 40 a\u00f1os m\u00e1s influyentes de Espa\u00f1a (2010) y recibi\u00f3 el premio de la UE para Mujeres Innovadoras de la Comisi\u00f3n Europea CE en 2014.Su proyecto,\u00a0Neuroelectrics, tiene como objetivo cambiar la forma en que interactuamos con el cerebro, desarrollando tecnolog\u00edas innovadoras que se pueden llevar puestas para monitorizar de forma no invasiva (EEG) y estimular el cerebro (tCS-estimulaci\u00f3n el\u00e9ctrica) para ayudar a muchos pacientes que lo necesitan.<\/p>\n<p>&nbsp;<\/p>\n<p><iframe loading=\"lazy\" title=\"Webinar Internacional II: la tecnolog\u00eda conquistando el mercado americano con Ana Maiques | By Acci\u00f3\" width=\"640\" height=\"360\" src=\"https:\/\/www.youtube.com\/embed\/iDN2wX_yuGY?feature=oembed\" frameborder=\"0\" allow=\"accelerometer; autoplay; clipboard-write; encrypted-media; gyroscope; picture-in-picture; web-share\" referrerpolicy=\"strict-origin-when-cross-origin\" allowfullscreen><\/iframe><\/p>\n<p>Esta sesi\u00f3n online forma parte del programa de actividades coorganizadas con ACCI\u00d3 #bcntechcity #endirecto<\/p>\n<p><a href=\"http:\/\/www.accio.gencat.cat\/ca\/inici\"><img loading=\"lazy\" decoding=\"async\" class=\"alignleft wp-image-29082\" src=\"https:\/\/www.techbarcelona.com\/wp-content\/uploads\/ACCIO-vertical-color.png\" alt=\"\" width=\"120\" height=\"81\" \/><\/a><\/p>\n<p>&nbsp;<\/p>\n","protected":false},"excerpt":{"rendered":"<p>Compartimos el v\u00eddeo del Webinar Internacional II coorganizado con ACCI\u00d3 donde Ana Maiques, directora general de Neuroelectrics, nos habl\u00f3 de su experiencia de saltar al mercado americano y lecciones que aprendi\u00f3 en este proceso. Entre estos aprendizajes destacan la enorme competencia que se halla en EEUU, la importancia de los [&hellip;]<\/p>\n","protected":false},"author":1,"featured_media":10981,"comment_status":"closed","ping_status":"closed","sticky":false,"template":"","format":"standard","meta":{"_acf_changed":false,"_mo_disable_npp":"","footnotes":""},"categories":[],"tags":[],"class_list":["post-21035","post","type-post","status-publish","format-standard","has-post-thumbnail","hentry"],"acf":[],"yoast_head":"<!-- This site is optimized with the Yoast SEO plugin v27.5 - https:\/\/yoast.com\/product\/yoast-seo-wordpress\/ -->\n<title>Webinar Internacional II - De la idea a la tecnolog\u00eda conquistando el mercado americano con Ana Maiques | By Acci\u00f3 - Tech Barcelona<\/title>\n<meta name=\"robots\" content=\"index, follow, max-snippet:-1, max-image-preview:large, max-video-preview:-1\" \/>\n<link rel=\"canonical\" href=\"https:\/\/www.techbarcelona.com\/en\/webinar-internacional-ii-de-la-idea-a-la-tecnologia-conquistando-el-mercado-americano-con-ana-maiques-by-accio\/\" \/>\n<meta property=\"og:locale\" content=\"en_US\" \/>\n<meta property=\"og:type\" content=\"article\" \/>\n<meta property=\"og:title\" content=\"Webinar Internacional II - De la idea a la tecnolog\u00eda conquistando el mercado americano con Ana Maiques | By Acci\u00f3 - Tech Barcelona\" \/>\n<meta property=\"og:description\" content=\"Compartimos el v\u00eddeo del Webinar Internacional II coorganizado con ACCI\u00d3 donde Ana Maiques, directora general de Neuroelectrics, nos habl\u00f3 de su experiencia de saltar al mercado americano y lecciones que aprendi\u00f3 en este proceso. Entre estos aprendizajes destacan la enorme competencia que se halla en EEUU, la importancia de los [&hellip;]\" \/>\n<meta property=\"og:url\" content=\"https:\/\/www.techbarcelona.com\/en\/webinar-internacional-ii-de-la-idea-a-la-tecnologia-conquistando-el-mercado-americano-con-ana-maiques-by-accio\/\" \/>\n<meta property=\"og:site_name\" content=\"Tech Barcelona\" \/>\n<meta property=\"article:publisher\" content=\"https:\/\/www.facebook.com\/BarcelonaTechCity\" \/>\n<meta property=\"article:published_time\" content=\"2020-12-03T23:00:00+00:00\" \/>\n<meta property=\"og:image\" content=\"https:\/\/www.techbarcelona.com\/wp-content\/uploads\/NEUROELECTRICS04-1024x576-1.jpg\" \/>\n\t<meta property=\"og:image:width\" content=\"1024\" \/>\n\t<meta property=\"og:image:height\" content=\"576\" \/>\n\t<meta property=\"og:image:type\" content=\"image\/jpeg\" \/>\n<meta name=\"author\" content=\"wearefirma dev\" \/>\n<meta name=\"twitter:card\" content=\"summary_large_image\" \/>\n<meta name=\"twitter:creator\" content=\"@bcntechcity\" \/>\n<meta name=\"twitter:site\" content=\"@bcntechcity\" \/>\n<meta name=\"twitter:label1\" content=\"Written by\" \/>\n\t<meta name=\"twitter:data1\" content=\"wearefirma dev\" \/>\n\t<meta name=\"twitter:label2\" content=\"Est. reading time\" \/>\n\t<meta name=\"twitter:data2\" content=\"1 minute\" \/>\n<script type=\"application\/ld+json\" class=\"yoast-schema-graph\">{\"@context\":\"https:\\\/\\\/schema.org\",\"@graph\":[{\"@type\":\"Article\",\"@id\":\"https:\\\/\\\/www.techbarcelona.com\\\/en\\\/webinar-internacional-ii-de-la-idea-a-la-tecnologia-conquistando-el-mercado-americano-con-ana-maiques-by-accio\\\/#article\",\"isPartOf\":{\"@id\":\"https:\\\/\\\/www.techbarcelona.com\\\/en\\\/webinar-internacional-ii-de-la-idea-a-la-tecnologia-conquistando-el-mercado-americano-con-ana-maiques-by-accio\\\/\"},\"author\":{\"name\":\"wearefirma dev\",\"@id\":\"https:\\\/\\\/www.techbarcelona.com\\\/en\\\/#\\\/schema\\\/person\\\/cd066d6149f05167faee07c5eeb6052a\"},\"headline\":\"Webinar Internacional II &#8211; De la idea a la tecnolog\u00eda conquistando el mercado americano con Ana Maiques | By Acci\u00f3\",\"datePublished\":\"2020-12-03T23:00:00+00:00\",\"mainEntityOfPage\":{\"@id\":\"https:\\\/\\\/www.techbarcelona.com\\\/en\\\/webinar-internacional-ii-de-la-idea-a-la-tecnologia-conquistando-el-mercado-americano-con-ana-maiques-by-accio\\\/\"},\"wordCount\":235,\"publisher\":{\"@id\":\"https:\\\/\\\/www.techbarcelona.com\\\/en\\\/#organization\"},\"image\":{\"@id\":\"https:\\\/\\\/www.techbarcelona.com\\\/en\\\/webinar-internacional-ii-de-la-idea-a-la-tecnologia-conquistando-el-mercado-americano-con-ana-maiques-by-accio\\\/#primaryimage\"},\"thumbnailUrl\":\"https:\\\/\\\/www.techbarcelona.com\\\/wp-content\\\/uploads\\\/NEUROELECTRICS04-1024x576-1.jpg\",\"inLanguage\":\"en-US\"},{\"@type\":\"WebPage\",\"@id\":\"https:\\\/\\\/www.techbarcelona.com\\\/en\\\/webinar-internacional-ii-de-la-idea-a-la-tecnologia-conquistando-el-mercado-americano-con-ana-maiques-by-accio\\\/\",\"url\":\"https:\\\/\\\/www.techbarcelona.com\\\/en\\\/webinar-internacional-ii-de-la-idea-a-la-tecnologia-conquistando-el-mercado-americano-con-ana-maiques-by-accio\\\/\",\"name\":\"Webinar Internacional II - De la idea a la tecnolog\u00eda conquistando el mercado americano con Ana Maiques | By Acci\u00f3 - Tech Barcelona\",\"isPartOf\":{\"@id\":\"https:\\\/\\\/www.techbarcelona.com\\\/en\\\/#website\"},\"primaryImageOfPage\":{\"@id\":\"https:\\\/\\\/www.techbarcelona.com\\\/en\\\/webinar-internacional-ii-de-la-idea-a-la-tecnologia-conquistando-el-mercado-americano-con-ana-maiques-by-accio\\\/#primaryimage\"},\"image\":{\"@id\":\"https:\\\/\\\/www.techbarcelona.com\\\/en\\\/webinar-internacional-ii-de-la-idea-a-la-tecnologia-conquistando-el-mercado-americano-con-ana-maiques-by-accio\\\/#primaryimage\"},\"thumbnailUrl\":\"https:\\\/\\\/www.techbarcelona.com\\\/wp-content\\\/uploads\\\/NEUROELECTRICS04-1024x576-1.jpg\",\"datePublished\":\"2020-12-03T23:00:00+00:00\",\"breadcrumb\":{\"@id\":\"https:\\\/\\\/www.techbarcelona.com\\\/en\\\/webinar-internacional-ii-de-la-idea-a-la-tecnologia-conquistando-el-mercado-americano-con-ana-maiques-by-accio\\\/#breadcrumb\"},\"inLanguage\":\"en-US\",\"potentialAction\":[{\"@type\":\"ReadAction\",\"target\":[\"https:\\\/\\\/www.techbarcelona.com\\\/en\\\/webinar-internacional-ii-de-la-idea-a-la-tecnologia-conquistando-el-mercado-americano-con-ana-maiques-by-accio\\\/\"]}]},{\"@type\":\"ImageObject\",\"inLanguage\":\"en-US\",\"@id\":\"https:\\\/\\\/www.techbarcelona.com\\\/en\\\/webinar-internacional-ii-de-la-idea-a-la-tecnologia-conquistando-el-mercado-americano-con-ana-maiques-by-accio\\\/#primaryimage\",\"url\":\"https:\\\/\\\/www.techbarcelona.com\\\/wp-content\\\/uploads\\\/NEUROELECTRICS04-1024x576-1.jpg\",\"contentUrl\":\"https:\\\/\\\/www.techbarcelona.com\\\/wp-content\\\/uploads\\\/NEUROELECTRICS04-1024x576-1.jpg\",\"width\":1024,\"height\":576},{\"@type\":\"BreadcrumbList\",\"@id\":\"https:\\\/\\\/www.techbarcelona.com\\\/en\\\/webinar-internacional-ii-de-la-idea-a-la-tecnologia-conquistando-el-mercado-americano-con-ana-maiques-by-accio\\\/#breadcrumb\",\"itemListElement\":[{\"@type\":\"ListItem\",\"position\":1,\"name\":\"Portada\",\"item\":\"https:\\\/\\\/www.techbarcelona.com\\\/en\\\/\"},{\"@type\":\"ListItem\",\"position\":2,\"name\":\"Webinar Internacional II &#8211; De la idea a la tecnolog\u00eda conquistando el mercado americano con Ana Maiques | By Acci\u00f3\"}]},{\"@type\":\"WebSite\",\"@id\":\"https:\\\/\\\/www.techbarcelona.com\\\/en\\\/#website\",\"url\":\"https:\\\/\\\/www.techbarcelona.com\\\/en\\\/\",\"name\":\"Tech Barcelona\",\"description\":\"\",\"publisher\":{\"@id\":\"https:\\\/\\\/www.techbarcelona.com\\\/en\\\/#organization\"},\"potentialAction\":[{\"@type\":\"SearchAction\",\"target\":{\"@type\":\"EntryPoint\",\"urlTemplate\":\"https:\\\/\\\/www.techbarcelona.com\\\/en\\\/?s={search_term_string}\"},\"query-input\":{\"@type\":\"PropertyValueSpecification\",\"valueRequired\":true,\"valueName\":\"search_term_string\"}}],\"inLanguage\":\"en-US\"},{\"@type\":\"Organization\",\"@id\":\"https:\\\/\\\/www.techbarcelona.com\\\/en\\\/#organization\",\"name\":\"Tech Barcelona\",\"url\":\"https:\\\/\\\/www.techbarcelona.com\\\/en\\\/\",\"logo\":{\"@type\":\"ImageObject\",\"inLanguage\":\"en-US\",\"@id\":\"https:\\\/\\\/www.techbarcelona.com\\\/en\\\/#\\\/schema\\\/logo\\\/image\\\/\",\"url\":\"https:\\\/\\\/www.techbarcelona.com\\\/wp-content\\\/uploads\\\/logo-tech-bcn-black.png\",\"contentUrl\":\"https:\\\/\\\/www.techbarcelona.com\\\/wp-content\\\/uploads\\\/logo-tech-bcn-black.png\",\"width\":347,\"height\":90,\"caption\":\"Tech Barcelona\"},\"image\":{\"@id\":\"https:\\\/\\\/www.techbarcelona.com\\\/en\\\/#\\\/schema\\\/logo\\\/image\\\/\"},\"sameAs\":[\"https:\\\/\\\/www.facebook.com\\\/BarcelonaTechCity\",\"https:\\\/\\\/x.com\\\/bcntechcity\",\"https:\\\/\\\/www.instagram.com\\\/bcntechcity\\\/\",\"https:\\\/\\\/www.linkedin.com\\\/company\\\/barcelona-tech-city\\\/\",\"https:\\\/\\\/www.youtube.com\\\/channel\\\/UCKX-ZX0pM37GRtVNKgr4Rxg\"]},{\"@type\":\"Person\",\"@id\":\"https:\\\/\\\/www.techbarcelona.com\\\/en\\\/#\\\/schema\\\/person\\\/cd066d6149f05167faee07c5eeb6052a\",\"name\":\"wearefirma dev\",\"image\":{\"@type\":\"ImageObject\",\"inLanguage\":\"en-US\",\"@id\":\"https:\\\/\\\/secure.gravatar.com\\\/avatar\\\/ab2535b1fd4758a82464db417fc5c2cfb853d513b4e2900d8bbd5a4639ffa252?s=96&d=mm&r=g\",\"url\":\"https:\\\/\\\/secure.gravatar.com\\\/avatar\\\/ab2535b1fd4758a82464db417fc5c2cfb853d513b4e2900d8bbd5a4639ffa252?s=96&d=mm&r=g\",\"contentUrl\":\"https:\\\/\\\/secure.gravatar.com\\\/avatar\\\/ab2535b1fd4758a82464db417fc5c2cfb853d513b4e2900d8bbd5a4639ffa252?s=96&d=mm&r=g\",\"caption\":\"wearefirma dev\"},\"sameAs\":[\"https:\\\/\\\/holarafa.com\"]}]}<\/script>\n<!-- \/ Yoast SEO plugin. -->","yoast_head_json":{"title":"Webinar Internacional II - De la idea a la tecnolog\u00eda conquistando el mercado americano con Ana Maiques | By Acci\u00f3 - Tech Barcelona","robots":{"index":"index","follow":"follow","max-snippet":"max-snippet:-1","max-image-preview":"max-image-preview:large","max-video-preview":"max-video-preview:-1"},"canonical":"https:\/\/www.techbarcelona.com\/en\/webinar-internacional-ii-de-la-idea-a-la-tecnologia-conquistando-el-mercado-americano-con-ana-maiques-by-accio\/","og_locale":"en_US","og_type":"article","og_title":"Webinar Internacional II - De la idea a la tecnolog\u00eda conquistando el mercado americano con Ana Maiques | By Acci\u00f3 - Tech Barcelona","og_description":"Compartimos el v\u00eddeo del Webinar Internacional II coorganizado con ACCI\u00d3 donde Ana Maiques, directora general de Neuroelectrics, nos habl\u00f3 de su experiencia de saltar al mercado americano y lecciones que aprendi\u00f3 en este proceso. Entre estos aprendizajes destacan la enorme competencia que se halla en EEUU, la importancia de los [&hellip;]","og_url":"https:\/\/www.techbarcelona.com\/en\/webinar-internacional-ii-de-la-idea-a-la-tecnologia-conquistando-el-mercado-americano-con-ana-maiques-by-accio\/","og_site_name":"Tech Barcelona","article_publisher":"https:\/\/www.facebook.com\/BarcelonaTechCity","article_published_time":"2020-12-03T23:00:00+00:00","og_image":[{"width":1024,"height":576,"url":"https:\/\/www.techbarcelona.com\/wp-content\/uploads\/NEUROELECTRICS04-1024x576-1.jpg","type":"image\/jpeg"}],"author":"wearefirma dev","twitter_card":"summary_large_image","twitter_creator":"@bcntechcity","twitter_site":"@bcntechcity","twitter_misc":{"Written by":"wearefirma dev","Est. reading time":"1 minute"},"schema":{"@context":"https:\/\/schema.org","@graph":[{"@type":"Article","@id":"https:\/\/www.techbarcelona.com\/en\/webinar-internacional-ii-de-la-idea-a-la-tecnologia-conquistando-el-mercado-americano-con-ana-maiques-by-accio\/#article","isPartOf":{"@id":"https:\/\/www.techbarcelona.com\/en\/webinar-internacional-ii-de-la-idea-a-la-tecnologia-conquistando-el-mercado-americano-con-ana-maiques-by-accio\/"},"author":{"name":"wearefirma dev","@id":"https:\/\/www.techbarcelona.com\/en\/#\/schema\/person\/cd066d6149f05167faee07c5eeb6052a"},"headline":"Webinar Internacional II &#8211; De la idea a la tecnolog\u00eda conquistando el mercado americano con Ana Maiques | By Acci\u00f3","datePublished":"2020-12-03T23:00:00+00:00","mainEntityOfPage":{"@id":"https:\/\/www.techbarcelona.com\/en\/webinar-internacional-ii-de-la-idea-a-la-tecnologia-conquistando-el-mercado-americano-con-ana-maiques-by-accio\/"},"wordCount":235,"publisher":{"@id":"https:\/\/www.techbarcelona.com\/en\/#organization"},"image":{"@id":"https:\/\/www.techbarcelona.com\/en\/webinar-internacional-ii-de-la-idea-a-la-tecnologia-conquistando-el-mercado-americano-con-ana-maiques-by-accio\/#primaryimage"},"thumbnailUrl":"https:\/\/www.techbarcelona.com\/wp-content\/uploads\/NEUROELECTRICS04-1024x576-1.jpg","inLanguage":"en-US"},{"@type":"WebPage","@id":"https:\/\/www.techbarcelona.com\/en\/webinar-internacional-ii-de-la-idea-a-la-tecnologia-conquistando-el-mercado-americano-con-ana-maiques-by-accio\/","url":"https:\/\/www.techbarcelona.com\/en\/webinar-internacional-ii-de-la-idea-a-la-tecnologia-conquistando-el-mercado-americano-con-ana-maiques-by-accio\/","name":"Webinar Internacional II - De la idea a la tecnolog\u00eda conquistando el mercado americano con Ana Maiques | By Acci\u00f3 - Tech Barcelona","isPartOf":{"@id":"https:\/\/www.techbarcelona.com\/en\/#website"},"primaryImageOfPage":{"@id":"https:\/\/www.techbarcelona.com\/en\/webinar-internacional-ii-de-la-idea-a-la-tecnologia-conquistando-el-mercado-americano-con-ana-maiques-by-accio\/#primaryimage"},"image":{"@id":"https:\/\/www.techbarcelona.com\/en\/webinar-internacional-ii-de-la-idea-a-la-tecnologia-conquistando-el-mercado-americano-con-ana-maiques-by-accio\/#primaryimage"},"thumbnailUrl":"https:\/\/www.techbarcelona.com\/wp-content\/uploads\/NEUROELECTRICS04-1024x576-1.jpg","datePublished":"2020-12-03T23:00:00+00:00","breadcrumb":{"@id":"https:\/\/www.techbarcelona.com\/en\/webinar-internacional-ii-de-la-idea-a-la-tecnologia-conquistando-el-mercado-americano-con-ana-maiques-by-accio\/#breadcrumb"},"inLanguage":"en-US","potentialAction":[{"@type":"ReadAction","target":["https:\/\/www.techbarcelona.com\/en\/webinar-internacional-ii-de-la-idea-a-la-tecnologia-conquistando-el-mercado-americano-con-ana-maiques-by-accio\/"]}]},{"@type":"ImageObject","inLanguage":"en-US","@id":"https:\/\/www.techbarcelona.com\/en\/webinar-internacional-ii-de-la-idea-a-la-tecnologia-conquistando-el-mercado-americano-con-ana-maiques-by-accio\/#primaryimage","url":"https:\/\/www.techbarcelona.com\/wp-content\/uploads\/NEUROELECTRICS04-1024x576-1.jpg","contentUrl":"https:\/\/www.techbarcelona.com\/wp-content\/uploads\/NEUROELECTRICS04-1024x576-1.jpg","width":1024,"height":576},{"@type":"BreadcrumbList","@id":"https:\/\/www.techbarcelona.com\/en\/webinar-internacional-ii-de-la-idea-a-la-tecnologia-conquistando-el-mercado-americano-con-ana-maiques-by-accio\/#breadcrumb","itemListElement":[{"@type":"ListItem","position":1,"name":"Portada","item":"https:\/\/www.techbarcelona.com\/en\/"},{"@type":"ListItem","position":2,"name":"Webinar Internacional II &#8211; De la idea a la tecnolog\u00eda conquistando el mercado americano con Ana Maiques | By Acci\u00f3"}]},{"@type":"WebSite","@id":"https:\/\/www.techbarcelona.com\/en\/#website","url":"https:\/\/www.techbarcelona.com\/en\/","name":"Tech Barcelona","description":"","publisher":{"@id":"https:\/\/www.techbarcelona.com\/en\/#organization"},"potentialAction":[{"@type":"SearchAction","target":{"@type":"EntryPoint","urlTemplate":"https:\/\/www.techbarcelona.com\/en\/?s={search_term_string}"},"query-input":{"@type":"PropertyValueSpecification","valueRequired":true,"valueName":"search_term_string"}}],"inLanguage":"en-US"},{"@type":"Organization","@id":"https:\/\/www.techbarcelona.com\/en\/#organization","name":"Tech Barcelona","url":"https:\/\/www.techbarcelona.com\/en\/","logo":{"@type":"ImageObject","inLanguage":"en-US","@id":"https:\/\/www.techbarcelona.com\/en\/#\/schema\/logo\/image\/","url":"https:\/\/www.techbarcelona.com\/wp-content\/uploads\/logo-tech-bcn-black.png","contentUrl":"https:\/\/www.techbarcelona.com\/wp-content\/uploads\/logo-tech-bcn-black.png","width":347,"height":90,"caption":"Tech Barcelona"},"image":{"@id":"https:\/\/www.techbarcelona.com\/en\/#\/schema\/logo\/image\/"},"sameAs":["https:\/\/www.facebook.com\/BarcelonaTechCity","https:\/\/x.com\/bcntechcity","https:\/\/www.instagram.com\/bcntechcity\/","https:\/\/www.linkedin.com\/company\/barcelona-tech-city\/","https:\/\/www.youtube.com\/channel\/UCKX-ZX0pM37GRtVNKgr4Rxg"]},{"@type":"Person","@id":"https:\/\/www.techbarcelona.com\/en\/#\/schema\/person\/cd066d6149f05167faee07c5eeb6052a","name":"wearefirma dev","image":{"@type":"ImageObject","inLanguage":"en-US","@id":"https:\/\/secure.gravatar.com\/avatar\/ab2535b1fd4758a82464db417fc5c2cfb853d513b4e2900d8bbd5a4639ffa252?s=96&d=mm&r=g","url":"https:\/\/secure.gravatar.com\/avatar\/ab2535b1fd4758a82464db417fc5c2cfb853d513b4e2900d8bbd5a4639ffa252?s=96&d=mm&r=g","contentUrl":"https:\/\/secure.gravatar.com\/avatar\/ab2535b1fd4758a82464db417fc5c2cfb853d513b4e2900d8bbd5a4639ffa252?s=96&d=mm&r=g","caption":"wearefirma dev"},"sameAs":["https:\/\/holarafa.com"]}]}},"_links":{"self":[{"href":"https:\/\/www.techbarcelona.com\/en\/wp-json\/wp\/v2\/posts\/21035","targetHints":{"allow":["GET"]}}],"collection":[{"href":"https:\/\/www.techbarcelona.com\/en\/wp-json\/wp\/v2\/posts"}],"about":[{"href":"https:\/\/www.techbarcelona.com\/en\/wp-json\/wp\/v2\/types\/post"}],"author":[{"embeddable":true,"href":"https:\/\/www.techbarcelona.com\/en\/wp-json\/wp\/v2\/users\/1"}],"replies":[{"embeddable":true,"href":"https:\/\/www.techbarcelona.com\/en\/wp-json\/wp\/v2\/comments?post=21035"}],"version-history":[{"count":0,"href":"https:\/\/www.techbarcelona.com\/en\/wp-json\/wp\/v2\/posts\/21035\/revisions"}],"wp:featuredmedia":[{"embeddable":true,"href":"https:\/\/www.techbarcelona.com\/en\/wp-json\/wp\/v2\/media\/10981"}],"wp:attachment":[{"href":"https:\/\/www.techbarcelona.com\/en\/wp-json\/wp\/v2\/media?parent=21035"}],"wp:term":[{"taxonomy":"category","embeddable":true,"href":"https:\/\/www.techbarcelona.com\/en\/wp-json\/wp\/v2\/categories?post=21035"},{"taxonomy":"post_tag","embeddable":true,"href":"https:\/\/www.techbarcelona.com\/en\/wp-json\/wp\/v2\/tags?post=21035"}],"curies":[{"name":"wp","href":"https:\/\/api.w.org\/{rel}","templated":true}]}}